{"id":1027,"date":"2015-06-24T13:42:16","date_gmt":"2015-06-24T13:42:16","guid":{"rendered":"http:\/\/162.243.6.39\/?p=1027"},"modified":"2020-01-14T12:54:37","modified_gmt":"2020-01-14T12:54:37","slug":"unidades-habitacionais-coletivas-em-sobradinho","status":"publish","type":"post","link":"https:\/\/dalpian.arq.br\/index.php\/unidades-habitacionais-coletivas-em-sobradinho\/","title":{"rendered":"Unidades Habitacionais Coletivas Sobradinho"},"content":{"rendered":"<h2><strong>Unidades Habitacionais Coletivas Sobradinho<\/strong><\/h2>\n<p><strong>Bras\u00edlia \/ DF<\/strong><\/p>\n<p><strong>2016<\/strong><\/p>\n<p><strong>\u00c1rea: 6.329,00 m\u00b2<\/strong><\/p>\n<p>&nbsp;<\/p>\n<p>Em um terreno retangular 15,00m x 60,00m s\u00e3o criadas 03 faixas de ocupa\u00e7\u00e3o de iguais dimens\u00f5es, configuradas por 02 L\u00e2minas Paralelas edificadas sobre Pilotis junto \u00e0s divisas longitudinais do terreno e por 01 Vazio Central, que abriga as circula\u00e7\u00f5es coletivas e os acessos aos apartamentos.<\/p>\n<p>No Pavimento T\u00e9rreo localizam-se os ambientes de Servi\u00e7o\/T\u00e9cnicos e os espa\u00e7os de intera\u00e7\u00e3o comunit\u00e1ria, como a Sala para Academia\/Jogos e o Sal\u00e3o de Festas\/Reuni\u00f5es. Um Jardim com bancos na proje\u00e7\u00e3o do Vazio Central entremeia os percursos sob os Pilotis e incorpora o verde \u00e0s vis\u00f5es e uso dos moradores. No Subsolo, cada unidade de habita\u00e7\u00e3o tem uma vaga independente de garagem.<\/p>\n<p>A disposi\u00e7\u00e3o do edif\u00edcio em 02 L\u00e2minas Paralelas e 01 Vazio Central permite que nos pavimentos das unidades de habita\u00e7\u00e3o se estabele\u00e7a 03 tipos de Espa\u00e7os: Espa\u00e7os Comuns, Espa\u00e7os de Transi\u00e7\u00e3o e Espa\u00e7os Privativos.<\/p>\n<p>&nbsp;<\/p>\n<h5><em>Concurso Nacional &#8211; Men\u00e7\u00e3o Honrosa.<\/em><\/h5>\n","protected":false},"excerpt":{"rendered":"<p>Bras\u00edlia | DF<\/p>\n","protected":false},"author":1,"featured_media":6365,"comment_status":"open","ping_status":"open","sticky":false,"template":"","format":"standard","meta":{"_mi_skip_tracking":false,"_monsterinsights_sitenote_active":false,"_monsterinsights_sitenote_note":"","_monsterinsights_sitenote_category":0},"categories":[3,2,8],"tags":[],"_links":{"self":[{"href":"https:\/\/dalpian.arq.br\/index.php\/wp-json\/wp\/v2\/posts\/1027"}],"collection":[{"href":"https:\/\/dalpian.arq.br\/index.php\/wp-json\/wp\/v2\/posts"}],"about":[{"href":"https:\/\/dalpian.arq.br\/index.php\/wp-json\/wp\/v2\/types\/post"}],"author":[{"embeddable":true,"href":"https:\/\/dalpian.arq.br\/index.php\/wp-json\/wp\/v2\/users\/1"}],"replies":[{"embeddable":true,"href":"https:\/\/dalpian.arq.br\/index.php\/wp-json\/wp\/v2\/comments?post=1027"}],"version-history":[{"count":15,"href":"https:\/\/dalpian.arq.br\/index.php\/wp-json\/wp\/v2\/posts\/1027\/revisions"}],"predecessor-version":[{"id":10349,"href":"https:\/\/dalpian.arq.br\/index.php\/wp-json\/wp\/v2\/posts\/1027\/revisions\/10349"}],"wp:featuredmedia":[{"embeddable":true,"href":"https:\/\/dalpian.arq.br\/index.php\/wp-json\/wp\/v2\/media\/6365"}],"wp:attachment":[{"href":"https:\/\/dalpian.arq.br\/index.php\/wp-json\/wp\/v2\/media?parent=1027"}],"wp:term":[{"taxonomy":"category","embeddable":true,"href":"https:\/\/dalpian.arq.br\/index.php\/wp-json\/wp\/v2\/categories?post=1027"},{"taxonomy":"post_tag","embeddable":true,"href":"https:\/\/dalpian.arq.br\/index.php\/wp-json\/wp\/v2\/tags?post=1027"}],"curies":[{"name":"wp","href":"https:\/\/api.w.org\/{rel}","templated":true}]}}