{"id":10747,"date":"2023-08-30T00:00:47","date_gmt":"2023-08-30T03:00:47","guid":{"rendered":"https:\/\/dalpian.arq.br\/?p=10747"},"modified":"2024-10-31T16:40:17","modified_gmt":"2024-10-31T19:40:17","slug":"edificio-residencial-iguatemi","status":"publish","type":"post","link":"https:\/\/dalpian.arq.br\/index.php\/edificio-residencial-iguatemi\/","title":{"rendered":"Edif\u00edcio Residencial Iguatemi"},"content":{"rendered":"<h2><strong>Edif\u00edcio Residencial Iguatemi<\/strong><\/h2>\n<p>&nbsp;<\/p>\n<p><strong>Campinas \/ SP<\/strong><\/p>\n<p><strong>2020 &#8211; 2022\u00a0<\/strong><\/p>\n<p><strong>\u00c1rea: 21.204,25 m\u00b2<\/strong><\/p>\n<p>&nbsp;<\/p>\n<p>&nbsp;<\/p>\n<p>O edif\u00edcio residencial \u00e9 o primeiro projeto parte do Masterplan de um bairro planejado a ser implantado em uma grande \u00e1rea integrada ao Shopping Iguatemi Campinas.<\/p>\n<p>Como indutor de desenvolvimento de uma nova centralidade urbana, o projeto se comp\u00f5e por uma \u00fanica torre de apartamentos, com tipologias diversas e acessos independentes, que se apropria das exuberantes perspectivas visuais que o entorno favorece.<\/p>\n<p>Como edif\u00edcio de forte presen\u00e7a urbana, tem suas fachadas longitudinais recobertas por um sistema de brises m\u00f3veis em alum\u00ednio perfurado que oferecem prote\u00e7\u00e3o solar e privacidade aos ambientes de longa perman\u00eancia dos apartamentos. A flexibilidade das aberturas e fechamentos dessas prote\u00e7\u00f5es tamb\u00e9m proporciona varia\u00e7\u00f5es volum\u00e9tricas que destacam o edif\u00edcio como um organismo vivo e din\u00e2mico na paisagem da cidade.<\/p>\n","protected":false},"excerpt":{"rendered":"<p>Campinas | S\u00e3o Paulo<\/p>\n","protected":false},"author":1,"featured_media":11699,"comment_status":"open","ping_status":"open","sticky":false,"template":"","format":"standard","meta":{"_mi_skip_tracking":false,"_monsterinsights_sitenote_active":false,"_monsterinsights_sitenote_note":"","_monsterinsights_sitenote_category":0},"categories":[3,2,8],"tags":[],"_links":{"self":[{"href":"https:\/\/dalpian.arq.br\/index.php\/wp-json\/wp\/v2\/posts\/10747"}],"collection":[{"href":"https:\/\/dalpian.arq.br\/index.php\/wp-json\/wp\/v2\/posts"}],"about":[{"href":"https:\/\/dalpian.arq.br\/index.php\/wp-json\/wp\/v2\/types\/post"}],"author":[{"embeddable":true,"href":"https:\/\/dalpian.arq.br\/index.php\/wp-json\/wp\/v2\/users\/1"}],"replies":[{"embeddable":true,"href":"https:\/\/dalpian.arq.br\/index.php\/wp-json\/wp\/v2\/comments?post=10747"}],"version-history":[{"count":7,"href":"https:\/\/dalpian.arq.br\/index.php\/wp-json\/wp\/v2\/posts\/10747\/revisions"}],"predecessor-version":[{"id":12238,"href":"https:\/\/dalpian.arq.br\/index.php\/wp-json\/wp\/v2\/posts\/10747\/revisions\/12238"}],"wp:featuredmedia":[{"embeddable":true,"href":"https:\/\/dalpian.arq.br\/index.php\/wp-json\/wp\/v2\/media\/11699"}],"wp:attachment":[{"href":"https:\/\/dalpian.arq.br\/index.php\/wp-json\/wp\/v2\/media?parent=10747"}],"wp:term":[{"taxonomy":"category","embeddable":true,"href":"https:\/\/dalpian.arq.br\/index.php\/wp-json\/wp\/v2\/categories?post=10747"},{"taxonomy":"post_tag","embeddable":true,"href":"https:\/\/dalpian.arq.br\/index.php\/wp-json\/wp\/v2\/tags?post=10747"}],"curies":[{"name":"wp","href":"https:\/\/api.w.org\/{rel}","templated":true}]}}