{"id":10921,"date":"2023-07-08T00:00:41","date_gmt":"2023-07-08T03:00:41","guid":{"rendered":"https:\/\/dalpian.arq.br\/?p=10921"},"modified":"2023-09-20T16:18:49","modified_gmt":"2023-09-20T19:18:49","slug":"projeto-de-revitalizacao-do-cais-maua-setor-gasometro","status":"publish","type":"post","link":"https:\/\/dalpian.arq.br\/index.php\/projeto-de-revitalizacao-do-cais-maua-setor-gasometro\/","title":{"rendered":"Projeto de Revitaliza\u00e7\u00e3o do Cais Mau\u00e1 &#8211; Setor Gas\u00f4metro"},"content":{"rendered":"<p><strong>PROJETO DE REVITALIZA\u00c7\u00c3O DO CAIS MAU\u00c1 &#8211; SETOR GAS\u00d4METRO<\/strong><\/p>\n<p>Porto Alegre \/ RS<\/p>\n<p>2021<\/p>\n<p>\u00c1rea Setor Gas\u00f4metro: 13.083,50 m\u00b2<\/p>\n<p>\u00c1rea Total: 250.019,00 m\u00b2<\/p>\n<p>&nbsp;<\/p>\n<p><strong>Em terreno de 181.292,21m\u00b2 no Centro Hist\u00f3rico de Porto Alegre, o Cais Mau\u00e1 se disp\u00f5e linearmente por aproximadamente 3,3 quil\u00f4metros ao longo do Lago Gua\u00edba.<\/strong> Sua conex\u00e3o com a cidade, originalmente direta e consequente, desde o inicio da d\u00e9cada de 1970 se encontra obstru\u00edda pela constru\u00e7\u00e3o de um cont\u00ednuo muro de conten\u00e7\u00e3o contra poss\u00edveis enchentes do Gua\u00edba, localizado entre as \u00e1reas de opera\u00e7\u00e3o do antigo Porto e a cidade.\u00a0 Esse muro de 3 metros de altura, hoje resguarda apenas a cidade do avan\u00e7o das \u00e1guas, deixando expostas \u00e0s inunda\u00e7\u00f5es toda \u00e1rea portu\u00e1ria com seu rico acervo de Edif\u00edcios e Armaz\u00e9ns tombados pelo Patrim\u00f4nio Hist\u00f3rico Municipal e Federal.<\/p>\n<p><strong>Para proteger tamb\u00e9m o Cais e reintegr\u00e1-lo ao Centro Hist\u00f3rico de Porto Alegre, prop\u00f5e-se a substitui\u00e7\u00e3o do Muro da Mau\u00e1 por um sistema de prote\u00e7\u00f5es remov\u00edveis, disposto ao longo da faixa perimetral que margeia o Gua\u00edba.<\/strong><\/p>\n<p>Ao se devolver o Cais para a cidade, \u00e9 poss\u00edvel se resgatar a presen\u00e7a urbana e a mem\u00f3ria constru\u00edda dos antigos Edif\u00edcios e Armaz\u00e9ns, assim como, desenvolver novas atividades nas zonas das Docas e nas zonas que se confinam com a Usina do Gas\u00f4metro.<\/p>\n<p>Por meio de tratamento urban\u00edstico e arquitet\u00f4nico que proporciona novos usos aos edif\u00edcios existentes e tombados, como tamb\u00e9m pela inser\u00e7\u00e3o de novos edif\u00edcios com usos diversificados, principalmente no Setor das Docas, \u00e9 poss\u00edvel se construir <strong>um novo espa\u00e7o urbano de frui\u00e7\u00e3o e intera\u00e7\u00e3o p\u00fablica, que alterne atividades destinadas \u00e0 cultura, educa\u00e7\u00e3o, servi\u00e7os, com\u00e9rcio, habita\u00e7\u00e3o, lazer e entretenimento.<\/strong><\/p>\n<p>Essa nova condi\u00e7\u00e3o urbana tamb\u00e9m oferece novas \u00e1reas livres de uso p\u00fablico, e uma diversidade espa\u00e7os e percursos, como pra\u00e7as, passeios e jardins. <strong>Esse novo ch\u00e3o p\u00fablico de aproximadamente 149.000,<\/strong><strong>00m\u00b2 representa 82% do total das \u00e1reas do Cais Mau\u00e1. <\/strong><\/p>\n<p>Dentro do per\u00edmetro do Cais Mau\u00e1, se destacam Tr\u00eas Setores de interesse: Setor Gas\u00f4metro, Setor Armaz\u00e9ns e Setor Docas.<\/p>\n<p>&nbsp;<\/p>\n<p>&nbsp;<\/p>\n<p><strong>SETOR GAS\u00d4METRO: Setor do Lazer, Deleite e Contempla\u00e7\u00e3o<\/strong><\/p>\n<p>Nesse Setor de grande apre\u00e7o e forte identidade por parte da comunidade de Porto Alegre, prop\u00f5e-se uma ocupa\u00e7\u00e3o controlada, de pouca verticalidade e de baixo impacto constru\u00eddo, que procura estabelecer com os percursos da cidade uma liga\u00e7\u00e3o continua, direta e consequente.<\/p>\n","protected":false},"excerpt":{"rendered":"<p>Porto Alegre | RS<\/p>\n","protected":false},"author":1,"featured_media":10922,"comment_status":"open","ping_status":"open","sticky":false,"template":"","format":"standard","meta":{"_mi_skip_tracking":false,"_monsterinsights_sitenote_active":false,"_monsterinsights_sitenote_note":"","_monsterinsights_sitenote_category":0},"categories":[3,2,5,10,11],"tags":[],"_links":{"self":[{"href":"https:\/\/dalpian.arq.br\/index.php\/wp-json\/wp\/v2\/posts\/10921"}],"collection":[{"href":"https:\/\/dalpian.arq.br\/index.php\/wp-json\/wp\/v2\/posts"}],"about":[{"href":"https:\/\/dalpian.arq.br\/index.php\/wp-json\/wp\/v2\/types\/post"}],"author":[{"embeddable":true,"href":"https:\/\/dalpian.arq.br\/index.php\/wp-json\/wp\/v2\/users\/1"}],"replies":[{"embeddable":true,"href":"https:\/\/dalpian.arq.br\/index.php\/wp-json\/wp\/v2\/comments?post=10921"}],"version-history":[{"count":20,"href":"https:\/\/dalpian.arq.br\/index.php\/wp-json\/wp\/v2\/posts\/10921\/revisions"}],"predecessor-version":[{"id":11352,"href":"https:\/\/dalpian.arq.br\/index.php\/wp-json\/wp\/v2\/posts\/10921\/revisions\/11352"}],"wp:featuredmedia":[{"embeddable":true,"href":"https:\/\/dalpian.arq.br\/index.php\/wp-json\/wp\/v2\/media\/10922"}],"wp:attachment":[{"href":"https:\/\/dalpian.arq.br\/index.php\/wp-json\/wp\/v2\/media?parent=10921"}],"wp:term":[{"taxonomy":"category","embeddable":true,"href":"https:\/\/dalpian.arq.br\/index.php\/wp-json\/wp\/v2\/categories?post=10921"},{"taxonomy":"post_tag","embeddable":true,"href":"https:\/\/dalpian.arq.br\/index.php\/wp-json\/wp\/v2\/tags?post=10921"}],"curies":[{"name":"wp","href":"https:\/\/api.w.org\/{rel}","templated":true}]}}