{"id":11189,"date":"2022-09-21T09:39:40","date_gmt":"2022-09-21T12:39:40","guid":{"rendered":"https:\/\/dalpian.arq.br\/?p=11189"},"modified":"2022-09-27T11:23:24","modified_gmt":"2022-09-27T14:23:24","slug":"uergs-unidade-hortencias","status":"publish","type":"post","link":"https:\/\/dalpian.arq.br\/index.php\/uergs-unidade-hortencias\/","title":{"rendered":"UERGS Unidade Hort\u00eancias"},"content":{"rendered":"<h2><strong>UNIVERSIDADE ESTADUAL DO RIO GRANDE DO SUL UNIDADE HORT\u00caNSIAS<\/strong><\/h2>\n<p><strong>S\u00c3O FRANCISCO DE PAULA \/ RS<\/strong><\/p>\n<p><strong>2022<\/strong><\/p>\n<p><strong>\u00c1rea: 4.279,45m\u00b2<\/strong><\/p>\n<p>&nbsp;<\/p>\n<p>Como edif\u00edcio de uso coletivo destinado ao ensino, aprendizado e experimenta\u00e7\u00e3o, acreditamos que a Nova Sede da UERGS Unidade Hort\u00eansias, em S\u00e3o Francisco de Paula deva se conformar em espa\u00e7os democr\u00e1ticos, din\u00e2micos e convidativos ao uso, que favore\u00e7am e suscitem o encontro, a conviv\u00eancia e a intera\u00e7\u00e3o entre pessoas.<\/p>\n<p>Do ponto de vista urbano, sua constru\u00e7\u00e3o procura configurar um sistema de espa\u00e7os coletivos que se harmonizem e se relacionem diretamente com o tecido da cidade; um lugar de agrega\u00e7\u00e3o que se abre ao territ\u00f3rio e \u00e0 comunidade, possibilitando a sobreposi\u00e7\u00e3o de fun\u00e7\u00f5es como as de um centro c\u00edvico, de lazer ou de cultura.<\/p>\n<p>A diversidade, extens\u00e3o e densidade espacial do programa requerido para um terreno de dimens\u00f5es controladas, nos conduziram ao projeto de um edif\u00edcio vertical, regido por um cont\u00ednuo Vazio Central que percorre e integra espacialmente seus pavimentos. Como cora\u00e7\u00e3o do conjunto, esse espa\u00e7o di\u00e1fano, transparente e perme\u00e1vel \u00e0s perspectivas visuais, tanto internas quanto externas, exp\u00f5e e exterioriza a din\u00e2mica dos acontecimentos do edif\u00edcio.<\/p>\n<p><em>Concurso Nacional.<\/em><\/p>\n","protected":false},"excerpt":{"rendered":"<p>S\u00e3o Francisco de Paula | RS<\/p>\n","protected":false},"author":1,"featured_media":11193,"comment_status":"open","ping_status":"open","sticky":false,"template":"","format":"standard","meta":{"_mi_skip_tracking":false,"_monsterinsights_sitenote_active":false,"_monsterinsights_sitenote_note":"","_monsterinsights_sitenote_category":0},"categories":[3,2,4,5,6],"tags":[],"_links":{"self":[{"href":"https:\/\/dalpian.arq.br\/index.php\/wp-json\/wp\/v2\/posts\/11189"}],"collection":[{"href":"https:\/\/dalpian.arq.br\/index.php\/wp-json\/wp\/v2\/posts"}],"about":[{"href":"https:\/\/dalpian.arq.br\/index.php\/wp-json\/wp\/v2\/types\/post"}],"author":[{"embeddable":true,"href":"https:\/\/dalpian.arq.br\/index.php\/wp-json\/wp\/v2\/users\/1"}],"replies":[{"embeddable":true,"href":"https:\/\/dalpian.arq.br\/index.php\/wp-json\/wp\/v2\/comments?post=11189"}],"version-history":[{"count":6,"href":"https:\/\/dalpian.arq.br\/index.php\/wp-json\/wp\/v2\/posts\/11189\/revisions"}],"predecessor-version":[{"id":11296,"href":"https:\/\/dalpian.arq.br\/index.php\/wp-json\/wp\/v2\/posts\/11189\/revisions\/11296"}],"wp:featuredmedia":[{"embeddable":true,"href":"https:\/\/dalpian.arq.br\/index.php\/wp-json\/wp\/v2\/media\/11193"}],"wp:attachment":[{"href":"https:\/\/dalpian.arq.br\/index.php\/wp-json\/wp\/v2\/media?parent=11189"}],"wp:term":[{"taxonomy":"category","embeddable":true,"href":"https:\/\/dalpian.arq.br\/index.php\/wp-json\/wp\/v2\/categories?post=11189"},{"taxonomy":"post_tag","embeddable":true,"href":"https:\/\/dalpian.arq.br\/index.php\/wp-json\/wp\/v2\/tags?post=11189"}],"curies":[{"name":"wp","href":"https:\/\/api.w.org\/{rel}","templated":true}]}}