{"id":11641,"date":"2023-04-20T00:00:55","date_gmt":"2023-04-20T03:00:55","guid":{"rendered":"https:\/\/dalpian.arq.br\/?p=11641"},"modified":"2023-10-04T09:28:16","modified_gmt":"2023-10-04T12:28:16","slug":"centro-logistico-goodman-itaquera","status":"publish","type":"post","link":"https:\/\/dalpian.arq.br\/index.php\/centro-logistico-goodman-itaquera\/","title":{"rendered":"Centro Log\u00edstico Goodman Itaquera"},"content":{"rendered":"<h2><strong>Centro Log\u00edstico Goodman Itaquera <\/strong><\/h2>\n<p><strong>S\u00e3o Paulo \/ SP<\/strong><\/p>\n<p><strong>2019 \u2013 2022<\/strong><\/p>\n<p><strong>\u00c1rea: 44.980,27m\u00b2<\/strong><\/p>\n<p>O Centro Log\u00edstico Goodman Itaquera, em um terreno com 64.684,71 m\u00b2, est\u00e1 estrategicamente localizado em Itaquera, possibilitando r\u00e1pido abastecimento para entregas last-mile em S\u00e3o Paulo, ABCD e Guarulhos. Ele conta com dois galp\u00f5es log\u00edsticos, docas de abastecimento e um grupo de edif\u00edcios de apoio, com portaria, restaurante, vesti\u00e1rios, administra\u00e7\u00e3o e \u00e1reas t\u00e9cnicas.<\/p>\n<p>Para garantir a funcionalidade do complexo, os edif\u00edcios foram implantados de modo a propiciar fluxos racionais e otimizados, bem como foram dimensionados para que sejam operacionalmente eficientes. Outro ponto de destaque do Centro Log\u00edstico \u00e9 a sua certifica\u00e7\u00e3o LEED Gold, que chancela a efici\u00eancia ambiental e energ\u00e9tica da constru\u00e7\u00e3o. Isso \u00e9 um resultado direto de decis\u00f5es projetuais como o amplo aproveitamento da ilumina\u00e7\u00e3o e ventila\u00e7\u00e3o naturais e a coleta de \u00e1gua da chuva. Mais do que isso, \u00e9 reflexo de um projeto que traz, desde sua concep\u00e7\u00e3o, solu\u00e7\u00f5es verdadeiramente sustent\u00e1veis, como a maior preserva\u00e7\u00e3o de vegeta\u00e7\u00e3o nativa e o respeito aos recursos naturais e \u00e0s condicionantes do lugar e de seu entorno.<\/p>\n<p>Fotos: Nelson Kon<\/p>\n<p>Fotos drone: Pedro Mascaro<\/p>\n","protected":false},"excerpt":{"rendered":"<p>S\u00e3o Paulo | SP<\/p>\n","protected":false},"author":1,"featured_media":11689,"comment_status":"open","ping_status":"open","sticky":false,"template":"","format":"standard","meta":{"_mi_skip_tracking":false,"_monsterinsights_sitenote_active":false,"_monsterinsights_sitenote_note":"","_monsterinsights_sitenote_category":0},"categories":[3,2,9],"tags":[],"_links":{"self":[{"href":"https:\/\/dalpian.arq.br\/index.php\/wp-json\/wp\/v2\/posts\/11641"}],"collection":[{"href":"https:\/\/dalpian.arq.br\/index.php\/wp-json\/wp\/v2\/posts"}],"about":[{"href":"https:\/\/dalpian.arq.br\/index.php\/wp-json\/wp\/v2\/types\/post"}],"author":[{"embeddable":true,"href":"https:\/\/dalpian.arq.br\/index.php\/wp-json\/wp\/v2\/users\/1"}],"replies":[{"embeddable":true,"href":"https:\/\/dalpian.arq.br\/index.php\/wp-json\/wp\/v2\/comments?post=11641"}],"version-history":[{"count":6,"href":"https:\/\/dalpian.arq.br\/index.php\/wp-json\/wp\/v2\/posts\/11641\/revisions"}],"predecessor-version":[{"id":11990,"href":"https:\/\/dalpian.arq.br\/index.php\/wp-json\/wp\/v2\/posts\/11641\/revisions\/11990"}],"wp:featuredmedia":[{"embeddable":true,"href":"https:\/\/dalpian.arq.br\/index.php\/wp-json\/wp\/v2\/media\/11689"}],"wp:attachment":[{"href":"https:\/\/dalpian.arq.br\/index.php\/wp-json\/wp\/v2\/media?parent=11641"}],"wp:term":[{"taxonomy":"category","embeddable":true,"href":"https:\/\/dalpian.arq.br\/index.php\/wp-json\/wp\/v2\/categories?post=11641"},{"taxonomy":"post_tag","embeddable":true,"href":"https:\/\/dalpian.arq.br\/index.php\/wp-json\/wp\/v2\/tags?post=11641"}],"curies":[{"name":"wp","href":"https:\/\/api.w.org\/{rel}","templated":true}]}}