{"id":11709,"date":"2023-06-28T00:00:24","date_gmt":"2023-06-28T03:00:24","guid":{"rendered":"https:\/\/dalpian.arq.br\/?p=11709"},"modified":"2023-09-21T18:03:11","modified_gmt":"2023-09-21T21:03:11","slug":"complexo-residencial-notredame","status":"publish","type":"post","link":"https:\/\/dalpian.arq.br\/index.php\/complexo-residencial-notredame\/","title":{"rendered":"Complexo Residencial Notredame"},"content":{"rendered":"<h2><strong>Complexo Residencial Notredame<\/strong><\/h2>\n<p>&nbsp;<\/p>\n<p><strong>Campinas\/SP<\/strong><\/p>\n<p><strong>2022<\/strong><\/p>\n<p><strong>\u00c1rea: 34.796,78m\u00b2<\/strong><\/p>\n<p>&nbsp;<\/p>\n<p>Em um terreno com 16.171,36m\u00b2, em Campinas, com acentuado declive e com extensa \u00e1rea de mata nativa a ser preservada, foram dispostas quatro torres residenciais com 12 pavimentos cada que abrigam um total de 176 apartamentos.<\/p>\n<p>A condi\u00e7\u00e3o do entorno, com sua acentuada topografia, conduziu \u00e0 cria\u00e7\u00e3o de uma grande esplanada que integra os t\u00e9rreos dos edif\u00edcios, comportando uma grande \u00e1rea de conv\u00edvio com equipamentos de lazer coletivo para os moradores.<\/p>\n<p>A proposta crom\u00e1tica \u2013 em que cada torre recebeu uma diferente tonalidade \u2013 personifica os edif\u00edcios e destaca o conjunto na paisagem.<\/p>\n","protected":false},"excerpt":{"rendered":"<p>Campinas | SP<\/p>\n","protected":false},"author":1,"featured_media":11713,"comment_status":"open","ping_status":"open","sticky":false,"template":"","format":"standard","meta":{"_mi_skip_tracking":false,"_monsterinsights_sitenote_active":false,"_monsterinsights_sitenote_note":"","_monsterinsights_sitenote_category":0},"categories":[3,2,8],"tags":[],"_links":{"self":[{"href":"https:\/\/dalpian.arq.br\/index.php\/wp-json\/wp\/v2\/posts\/11709"}],"collection":[{"href":"https:\/\/dalpian.arq.br\/index.php\/wp-json\/wp\/v2\/posts"}],"about":[{"href":"https:\/\/dalpian.arq.br\/index.php\/wp-json\/wp\/v2\/types\/post"}],"author":[{"embeddable":true,"href":"https:\/\/dalpian.arq.br\/index.php\/wp-json\/wp\/v2\/users\/1"}],"replies":[{"embeddable":true,"href":"https:\/\/dalpian.arq.br\/index.php\/wp-json\/wp\/v2\/comments?post=11709"}],"version-history":[{"count":8,"href":"https:\/\/dalpian.arq.br\/index.php\/wp-json\/wp\/v2\/posts\/11709\/revisions"}],"predecessor-version":[{"id":11732,"href":"https:\/\/dalpian.arq.br\/index.php\/wp-json\/wp\/v2\/posts\/11709\/revisions\/11732"}],"wp:featuredmedia":[{"embeddable":true,"href":"https:\/\/dalpian.arq.br\/index.php\/wp-json\/wp\/v2\/media\/11713"}],"wp:attachment":[{"href":"https:\/\/dalpian.arq.br\/index.php\/wp-json\/wp\/v2\/media?parent=11709"}],"wp:term":[{"taxonomy":"category","embeddable":true,"href":"https:\/\/dalpian.arq.br\/index.php\/wp-json\/wp\/v2\/categories?post=11709"},{"taxonomy":"post_tag","embeddable":true,"href":"https:\/\/dalpian.arq.br\/index.php\/wp-json\/wp\/v2\/tags?post=11709"}],"curies":[{"name":"wp","href":"https:\/\/api.w.org\/{rel}","templated":true}]}}