{"id":11887,"date":"2021-12-03T09:59:51","date_gmt":"2021-12-03T12:59:51","guid":{"rendered":"https:\/\/dalpian.arq.br\/?p=11887"},"modified":"2023-10-03T13:00:32","modified_gmt":"2023-10-03T16:00:32","slug":"dal-pian-arquitetos-conduz-workshop-em-porto-alegre","status":"publish","type":"post","link":"https:\/\/dalpian.arq.br\/index.php\/dal-pian-arquitetos-conduz-workshop-em-porto-alegre\/","title":{"rendered":"Dal Pian Arquitetos conduz workshop em Porto Alegre"},"content":{"rendered":"<p>&nbsp;<\/p>\n<p><img loading=\"lazy\" class=\"aligncenter wp-image-11890\" src=\"https:\/\/dalpian.arq.br\/wp-content\/uploads\/2023\/10\/DP-17-WarehouseSector-Project-300x169.jpg\" alt=\"\" width=\"1341\" height=\"755\" srcset=\"https:\/\/dalpian.arq.br\/wp-content\/uploads\/2023\/10\/DP-17-WarehouseSector-Project-300x169.jpg 300w, https:\/\/dalpian.arq.br\/wp-content\/uploads\/2023\/10\/DP-17-WarehouseSector-Project-1024x576.jpg 1024w, https:\/\/dalpian.arq.br\/wp-content\/uploads\/2023\/10\/DP-17-WarehouseSector-Project-768x432.jpg 768w, https:\/\/dalpian.arq.br\/wp-content\/uploads\/2023\/10\/DP-17-WarehouseSector-Project-1536x864.jpg 1536w, https:\/\/dalpian.arq.br\/wp-content\/uploads\/2023\/10\/DP-17-WarehouseSector-Project-2048x1152.jpg 2048w\" sizes=\"(max-width: 1341px) 100vw, 1341px\" \/><\/p>\n<p>&nbsp;<\/p>\n<p>[23\/06\/2021] O projeto do escrit\u00f3rio Dal Pian Arquitetos para Revitaliza\u00e7\u00e3o do Cais Mau\u00e1 foi destaque em not\u00edcia do Jornal do Com\u00e9rcio no Rio Grande do Sul. A estrat\u00e9gia adotada pelos arquitetos consiste em retirar um muro de conten\u00e7\u00e3o contra cheias, que \u00e9 um elementro segregador entre o cais e a cidade, ao mesmo tempo em que protege apenas parte do centro urbano, deixando o patrim\u00f4nio hist\u00f3rico da antiga zona portu\u00e1ria desasistido. O projeto prev\u00ea da constru\u00e7\u00e3o de um passeio elevado, com altura de at\u00e9 um metro, e prote\u00e7\u00f5es m\u00f3veis adicionais para cheias. Com isso, toda a \u00e1rea estar\u00e1 protegida e a conex\u00e3o visual entre o Rio Gua\u00edba e a cidade ser\u00e1 restabelecida e potencializada pelos novos usos dados aos armaz\u00e9ns portu\u00e1rios.<\/p>\n<p>Clique <a href=\"https:\/\/www.jornaldocomercio.com\/_conteudo\/colunas\/pensar_a_cidade\/2021\/06\/798257-consorcio-propoe-derrubar-muro-da-maua-e-usar-estrutura-movel-a-beira-do-guaiba.html\">aqui<\/a> para ler a not\u00edcia na \u00edntegra e confira o projeto para <a href=\"https:\/\/dalpian.arq.br\/index.php\/projeto-de-revitalizacao-do-cais-maua-setor-armazens\/\">Revitaliza\u00e7\u00e3o do Cais Mau\u00e1<\/a>.<\/p>\n<p>&nbsp;<\/p>\n<p><img loading=\"lazy\" class=\"aligncenter wp-image-11889\" src=\"https:\/\/dalpian.arq.br\/wp-content\/uploads\/2023\/10\/20210622_151332-9344614-300x169.jpg\" alt=\"\" width=\"1340\" height=\"755\" srcset=\"https:\/\/dalpian.arq.br\/wp-content\/uploads\/2023\/10\/20210622_151332-9344614-300x169.jpg 300w, https:\/\/dalpian.arq.br\/wp-content\/uploads\/2023\/10\/20210622_151332-9344614-768x432.jpg 768w, https:\/\/dalpian.arq.br\/wp-content\/uploads\/2023\/10\/20210622_151332-9344614.jpg 800w\" sizes=\"(max-width: 1340px) 100vw, 1340px\" \/><\/p>\n","protected":false},"excerpt":{"rendered":"<p>&nbsp; &nbsp; [23\/06\/2021] O projeto do escrit\u00f3rio Dal Pian Arquitetos para Revitaliza\u00e7\u00e3o do Cais Mau\u00e1 foi destaque em not\u00edcia do Jornal do Com\u00e9rcio no Rio Grande do Sul. A estrat\u00e9gia adotada pelos arquitetos consiste em retirar um muro de conten\u00e7\u00e3o contra cheias, que \u00e9 um elementro segregador entre o cais e a cidade, ao mesmo [&hellip;]<\/p>\n","protected":false},"author":1,"featured_media":11888,"comment_status":"open","ping_status":"open","sticky":false,"template":"","format":"standard","meta":{"_mi_skip_tracking":false,"_monsterinsights_sitenote_active":false,"_monsterinsights_sitenote_note":"","_monsterinsights_sitenote_category":0},"categories":[18],"tags":[],"_links":{"self":[{"href":"https:\/\/dalpian.arq.br\/index.php\/wp-json\/wp\/v2\/posts\/11887"}],"collection":[{"href":"https:\/\/dalpian.arq.br\/index.php\/wp-json\/wp\/v2\/posts"}],"about":[{"href":"https:\/\/dalpian.arq.br\/index.php\/wp-json\/wp\/v2\/types\/post"}],"author":[{"embeddable":true,"href":"https:\/\/dalpian.arq.br\/index.php\/wp-json\/wp\/v2\/users\/1"}],"replies":[{"embeddable":true,"href":"https:\/\/dalpian.arq.br\/index.php\/wp-json\/wp\/v2\/comments?post=11887"}],"version-history":[{"count":7,"href":"https:\/\/dalpian.arq.br\/index.php\/wp-json\/wp\/v2\/posts\/11887\/revisions"}],"predecessor-version":[{"id":11897,"href":"https:\/\/dalpian.arq.br\/index.php\/wp-json\/wp\/v2\/posts\/11887\/revisions\/11897"}],"wp:featuredmedia":[{"embeddable":true,"href":"https:\/\/dalpian.arq.br\/index.php\/wp-json\/wp\/v2\/media\/11888"}],"wp:attachment":[{"href":"https:\/\/dalpian.arq.br\/index.php\/wp-json\/wp\/v2\/media?parent=11887"}],"wp:term":[{"taxonomy":"category","embeddable":true,"href":"https:\/\/dalpian.arq.br\/index.php\/wp-json\/wp\/v2\/categories?post=11887"},{"taxonomy":"post_tag","embeddable":true,"href":"https:\/\/dalpian.arq.br\/index.php\/wp-json\/wp\/v2\/tags?post=11887"}],"curies":[{"name":"wp","href":"https:\/\/api.w.org\/{rel}","templated":true}]}}