{"id":12152,"date":"2024-05-10T11:11:11","date_gmt":"2024-05-10T14:11:11","guid":{"rendered":"https:\/\/dalpian.arq.br\/?p=12152"},"modified":"2024-05-10T11:11:11","modified_gmt":"2024-05-10T14:11:11","slug":"nova-sede-administrativa-e-laboratorios-centrais-do-grupo-fleury-no-anuario-da-revista-projeto","status":"publish","type":"post","link":"https:\/\/dalpian.arq.br\/index.php\/nova-sede-administrativa-e-laboratorios-centrais-do-grupo-fleury-no-anuario-da-revista-projeto\/","title":{"rendered":"Nova Sede Administrativa e Laborat\u00f3rios Centrais do Grupo Fleury no anu\u00e1rio da Revista Projeto"},"content":{"rendered":"<p>Nosso projeto para a Nova Sede Administrativa e Laborat\u00f3rios Centrais do Grupo Fleury est\u00e1 entre as 70 obras selecionadas para a edi\u00e7\u00e3o desse ano do Anu\u00e1rio da Revista Projeto.<\/p>\n<p>Uma das principais publica\u00e7\u00f5es anuais sobre a arquitetura nacional, o anu\u00e1rio traz um registro dos trabalhos que foram destaque ao longo do ano passado nas plataformas da PROJETO.<\/p>\n<p>Confira abaixo mais detalhes na publica\u00e7\u00e3o.<\/p>\n<p>&nbsp;<\/p>\n<p>&nbsp;<\/p>\n<p>&nbsp;<\/p>\n<p><img loading=\"lazy\" class=\"aligncenter size-full wp-image-12153\" src=\"https:\/\/dalpian.arq.br\/wp-content\/uploads\/2024\/05\/ANUARIO-PROJ-24-01.jpg\" alt=\"\" width=\"1920\" height=\"1251\" srcset=\"https:\/\/dalpian.arq.br\/wp-content\/uploads\/2024\/05\/ANUARIO-PROJ-24-01.jpg 1920w, https:\/\/dalpian.arq.br\/wp-content\/uploads\/2024\/05\/ANUARIO-PROJ-24-01-300x195.jpg 300w, https:\/\/dalpian.arq.br\/wp-content\/uploads\/2024\/05\/ANUARIO-PROJ-24-01-1024x667.jpg 1024w, https:\/\/dalpian.arq.br\/wp-content\/uploads\/2024\/05\/ANUARIO-PROJ-24-01-768x500.jpg 768w, https:\/\/dalpian.arq.br\/wp-content\/uploads\/2024\/05\/ANUARIO-PROJ-24-01-1536x1001.jpg 1536w\" sizes=\"(max-width: 1920px) 100vw, 1920px\" \/><\/p>\n<p><img loading=\"lazy\" class=\"aligncenter size-full wp-image-12154\" src=\"https:\/\/dalpian.arq.br\/wp-content\/uploads\/2024\/05\/ANUARIO-PROJ-24-02.jpg\" alt=\"\" width=\"1920\" height=\"1251\" srcset=\"https:\/\/dalpian.arq.br\/wp-content\/uploads\/2024\/05\/ANUARIO-PROJ-24-02.jpg 1920w, https:\/\/dalpian.arq.br\/wp-content\/uploads\/2024\/05\/ANUARIO-PROJ-24-02-300x195.jpg 300w, https:\/\/dalpian.arq.br\/wp-content\/uploads\/2024\/05\/ANUARIO-PROJ-24-02-1024x667.jpg 1024w, https:\/\/dalpian.arq.br\/wp-content\/uploads\/2024\/05\/ANUARIO-PROJ-24-02-768x500.jpg 768w, https:\/\/dalpian.arq.br\/wp-content\/uploads\/2024\/05\/ANUARIO-PROJ-24-02-1536x1001.jpg 1536w\" sizes=\"(max-width: 1920px) 100vw, 1920px\" \/><\/p>\n<p><img loading=\"lazy\" class=\"aligncenter size-full wp-image-12155\" src=\"https:\/\/dalpian.arq.br\/wp-content\/uploads\/2024\/05\/ANUARIO-PROJ-24-03.jpg\" alt=\"\" width=\"1920\" height=\"1251\" srcset=\"https:\/\/dalpian.arq.br\/wp-content\/uploads\/2024\/05\/ANUARIO-PROJ-24-03.jpg 1920w, https:\/\/dalpian.arq.br\/wp-content\/uploads\/2024\/05\/ANUARIO-PROJ-24-03-300x195.jpg 300w, https:\/\/dalpian.arq.br\/wp-content\/uploads\/2024\/05\/ANUARIO-PROJ-24-03-1024x667.jpg 1024w, https:\/\/dalpian.arq.br\/wp-content\/uploads\/2024\/05\/ANUARIO-PROJ-24-03-768x500.jpg 768w, https:\/\/dalpian.arq.br\/wp-content\/uploads\/2024\/05\/ANUARIO-PROJ-24-03-1536x1001.jpg 1536w\" sizes=\"(max-width: 1920px) 100vw, 1920px\" \/><\/p>\n<p>&nbsp;<\/p>\n<p>&nbsp;<\/p>\n","protected":false},"excerpt":{"rendered":"<p>Nosso projeto para a Nova Sede Administrativa e Laborat\u00f3rios Centrais do Grupo Fleury est\u00e1 entre as 70 obras selecionadas para a edi\u00e7\u00e3o desse ano do Anu\u00e1rio da Revista Projeto. Uma das principais publica\u00e7\u00f5es anuais sobre a arquitetura nacional, o anu\u00e1rio traz um registro dos trabalhos que foram destaque ao longo do ano passado nas plataformas [&hellip;]<\/p>\n","protected":false},"author":1,"featured_media":12156,"comment_status":"open","ping_status":"open","sticky":false,"template":"","format":"standard","meta":{"_mi_skip_tracking":false,"_monsterinsights_sitenote_active":false,"_monsterinsights_sitenote_note":"","_monsterinsights_sitenote_category":0},"categories":[18],"tags":[],"_links":{"self":[{"href":"https:\/\/dalpian.arq.br\/index.php\/wp-json\/wp\/v2\/posts\/12152"}],"collection":[{"href":"https:\/\/dalpian.arq.br\/index.php\/wp-json\/wp\/v2\/posts"}],"about":[{"href":"https:\/\/dalpian.arq.br\/index.php\/wp-json\/wp\/v2\/types\/post"}],"author":[{"embeddable":true,"href":"https:\/\/dalpian.arq.br\/index.php\/wp-json\/wp\/v2\/users\/1"}],"replies":[{"embeddable":true,"href":"https:\/\/dalpian.arq.br\/index.php\/wp-json\/wp\/v2\/comments?post=12152"}],"version-history":[{"count":3,"href":"https:\/\/dalpian.arq.br\/index.php\/wp-json\/wp\/v2\/posts\/12152\/revisions"}],"predecessor-version":[{"id":12169,"href":"https:\/\/dalpian.arq.br\/index.php\/wp-json\/wp\/v2\/posts\/12152\/revisions\/12169"}],"wp:featuredmedia":[{"embeddable":true,"href":"https:\/\/dalpian.arq.br\/index.php\/wp-json\/wp\/v2\/media\/12156"}],"wp:attachment":[{"href":"https:\/\/dalpian.arq.br\/index.php\/wp-json\/wp\/v2\/media?parent=12152"}],"wp:term":[{"taxonomy":"category","embeddable":true,"href":"https:\/\/dalpian.arq.br\/index.php\/wp-json\/wp\/v2\/categories?post=12152"},{"taxonomy":"post_tag","embeddable":true,"href":"https:\/\/dalpian.arq.br\/index.php\/wp-json\/wp\/v2\/tags?post=12152"}],"curies":[{"name":"wp","href":"https:\/\/api.w.org\/{rel}","templated":true}]}}