{"id":133,"date":"2001-06-19T21:02:31","date_gmt":"2001-06-19T21:02:31","guid":{"rendered":"http:\/\/162.243.6.39\/?p=133"},"modified":"2019-10-08T15:33:21","modified_gmt":"2019-10-08T15:33:21","slug":"casa-brava-l","status":"publish","type":"post","link":"https:\/\/dalpian.arq.br\/index.php\/casa-brava-l\/","title":{"rendered":"Casa Brava l"},"content":{"rendered":"<h2><span lang=\"PT-BR\">Casa Brava I<\/span><\/h2>\n<p><strong><span lang=\"PT-BR\">Ubatuba \/ SP<\/span><\/strong><\/p>\n<p><strong><span lang=\"PT-BR\">\u00a0<\/span><span lang=\"PT-BR\">2001<\/span><\/strong><\/p>\n<p><strong>\u00c1rea: 235 m\u00b2<\/strong><\/p>\n<p>&nbsp;<\/p>\n<p>A casa de veraneio em Ubatuba, litoral norte paulista, se implanta em terreno \u00edngreme de aproximadamente 9.000m\u00b2.<\/p>\n<p>Respeitando a densa vegeta\u00e7\u00e3o presente em seu entorno, comp\u00f5e-se de dois pavilh\u00f5es com vistas para o mar, dispostos em n\u00edveis diversos e interligados por uma passagem coberta.<\/p>\n<p>Otimizando o processo construtivo, a casa utiliza um sistema estrutural modular em madeira recoberto por\u00a0 telhas trapezoidais em alum\u00ednio com generosos beirais. Em regi\u00e3o \u00famida e quente, sua qualidade ambiental interna se refor\u00e7a por lajes\u00a0de piso que nunca tocam o ch\u00e3o e por ventila\u00e7\u00e3o cruzada permanente obtida por aberturas junto \u00e0 sua cobertura.<\/p>\n<p>Fotos: Dal Pian<\/p>\n","protected":false},"excerpt":{"rendered":"<p>Ubatuba | SP<\/p>\n","protected":false},"author":1,"featured_media":5334,"comment_status":"open","ping_status":"open","sticky":false,"template":"","format":"standard","meta":{"_mi_skip_tracking":false,"_monsterinsights_sitenote_active":false,"_monsterinsights_sitenote_note":"","_monsterinsights_sitenote_category":0},"categories":[3,2,8],"tags":[],"_links":{"self":[{"href":"https:\/\/dalpian.arq.br\/index.php\/wp-json\/wp\/v2\/posts\/133"}],"collection":[{"href":"https:\/\/dalpian.arq.br\/index.php\/wp-json\/wp\/v2\/posts"}],"about":[{"href":"https:\/\/dalpian.arq.br\/index.php\/wp-json\/wp\/v2\/types\/post"}],"author":[{"embeddable":true,"href":"https:\/\/dalpian.arq.br\/index.php\/wp-json\/wp\/v2\/users\/1"}],"replies":[{"embeddable":true,"href":"https:\/\/dalpian.arq.br\/index.php\/wp-json\/wp\/v2\/comments?post=133"}],"version-history":[{"count":14,"href":"https:\/\/dalpian.arq.br\/index.php\/wp-json\/wp\/v2\/posts\/133\/revisions"}],"predecessor-version":[{"id":6750,"href":"https:\/\/dalpian.arq.br\/index.php\/wp-json\/wp\/v2\/posts\/133\/revisions\/6750"}],"wp:featuredmedia":[{"embeddable":true,"href":"https:\/\/dalpian.arq.br\/index.php\/wp-json\/wp\/v2\/media\/5334"}],"wp:attachment":[{"href":"https:\/\/dalpian.arq.br\/index.php\/wp-json\/wp\/v2\/media?parent=133"}],"wp:term":[{"taxonomy":"category","embeddable":true,"href":"https:\/\/dalpian.arq.br\/index.php\/wp-json\/wp\/v2\/categories?post=133"},{"taxonomy":"post_tag","embeddable":true,"href":"https:\/\/dalpian.arq.br\/index.php\/wp-json\/wp\/v2\/tags?post=133"}],"curies":[{"name":"wp","href":"https:\/\/api.w.org\/{rel}","templated":true}]}}