{"id":2379,"date":"2018-11-25T20:44:49","date_gmt":"2018-11-25T20:44:49","guid":{"rendered":"http:\/\/162.243.6.39\/?p=2379"},"modified":"2023-12-15T11:05:32","modified_gmt":"2023-12-15T14:05:32","slug":"dal-pian-arquitetos-recebe-premiacao-maxima-na-10o-edicao-do-premio-asbea","status":"publish","type":"post","link":"https:\/\/dalpian.arq.br\/index.php\/dal-pian-arquitetos-recebe-premiacao-maxima-na-10o-edicao-do-premio-asbea\/","title":{"rendered":"Dal Pian recebe premia\u00e7\u00e3o m\u00e1xima da AsBEA 2018"},"content":{"rendered":"<p>&nbsp;<\/p>\n<h6><img loading=\"lazy\" class=\"wp-image-12038 aligncenter\" src=\"https:\/\/dalpian.arq.br\/wp-content\/uploads\/2018\/11\/10ASBEA-2-300x220.jpg\" alt=\"\" width=\"1185\" height=\"869\" srcset=\"https:\/\/dalpian.arq.br\/wp-content\/uploads\/2018\/11\/10ASBEA-2-300x220.jpg 300w, https:\/\/dalpian.arq.br\/wp-content\/uploads\/2018\/11\/10ASBEA-2-1024x752.jpg 1024w, https:\/\/dalpian.arq.br\/wp-content\/uploads\/2018\/11\/10ASBEA-2-768x564.jpg 768w, https:\/\/dalpian.arq.br\/wp-content\/uploads\/2018\/11\/10ASBEA-2.jpg 1089w\" sizes=\"(max-width: 1185px) 100vw, 1185px\" \/><\/h6>\n<h6>[26\/11\/2019]<\/h6>\n<p>&nbsp;<\/p>\n<p>Na noite de 26 de Novembro de 2018, ocorreu uma Cerim\u00f4nia de premia\u00e7\u00e3o aos vencedores da d\u00e9cima edi\u00e7\u00e3o do <em><strong>Pr\u00eamio AsBEA<\/strong><\/em>, um dos mais importantes da arquitetura do pa\u00eds.<\/p>\n<p>Realizada no Instituto Tomie Othake, a\u00a0equipe Dal Pian Arquitetos foi condecorada pelo <em><strong>projeto NASP<\/strong><\/em>, eleito melhor edif\u00edcio de servi\u00e7os na modalidade Obras Conclu\u00eddas e pelo projeto <em><strong>PUCC Campos Central<\/strong><\/em>, na modalidade Edif\u00edcios N\u00e3o Edificados.<\/p>\n<p>Ao final do evento o escrit\u00f3rio foi homenageado pelo conjunto de sua obra com o <em><strong>Pr\u00eamio Roberto Cl\u00e1udio dos Santos Aflalo<\/strong><\/em>, o mais esperado da noite.<\/p>\n<p>Clique <em><a href=\"https:\/\/www.arcoweb.com.br\/projetodesign\/arquitetura\/10-edicao-do-premio-asbea-premio-roberto-aflalo\" target=\"_blank\" rel=\"noopener noreferrer\">aqui<\/a><\/em> e leia a mat\u00e9ria completa no portal Arcoweb.<\/p>\n<p>&nbsp;<\/p>\n<h2><\/h2>\n","protected":false},"excerpt":{"rendered":"<p>&nbsp; [26\/11\/2019] &nbsp; Na noite de 26 de Novembro de 2018, ocorreu uma Cerim\u00f4nia de premia\u00e7\u00e3o aos vencedores da d\u00e9cima edi\u00e7\u00e3o do Pr\u00eamio AsBEA, um dos mais importantes da arquitetura do pa\u00eds. Realizada no Instituto Tomie Othake, a\u00a0equipe Dal Pian Arquitetos foi condecorada pelo projeto NASP, eleito melhor edif\u00edcio de servi\u00e7os na modalidade Obras Conclu\u00eddas [&hellip;]<\/p>\n","protected":false},"author":1,"featured_media":9477,"comment_status":"open","ping_status":"open","sticky":false,"template":"","format":"standard","meta":{"_mi_skip_tracking":false,"_monsterinsights_sitenote_active":false,"_monsterinsights_sitenote_note":"","_monsterinsights_sitenote_category":0},"categories":[15,18],"tags":[],"_links":{"self":[{"href":"https:\/\/dalpian.arq.br\/index.php\/wp-json\/wp\/v2\/posts\/2379"}],"collection":[{"href":"https:\/\/dalpian.arq.br\/index.php\/wp-json\/wp\/v2\/posts"}],"about":[{"href":"https:\/\/dalpian.arq.br\/index.php\/wp-json\/wp\/v2\/types\/post"}],"author":[{"embeddable":true,"href":"https:\/\/dalpian.arq.br\/index.php\/wp-json\/wp\/v2\/users\/1"}],"replies":[{"embeddable":true,"href":"https:\/\/dalpian.arq.br\/index.php\/wp-json\/wp\/v2\/comments?post=2379"}],"version-history":[{"count":44,"href":"https:\/\/dalpian.arq.br\/index.php\/wp-json\/wp\/v2\/posts\/2379\/revisions"}],"predecessor-version":[{"id":12039,"href":"https:\/\/dalpian.arq.br\/index.php\/wp-json\/wp\/v2\/posts\/2379\/revisions\/12039"}],"wp:featuredmedia":[{"embeddable":true,"href":"https:\/\/dalpian.arq.br\/index.php\/wp-json\/wp\/v2\/media\/9477"}],"wp:attachment":[{"href":"https:\/\/dalpian.arq.br\/index.php\/wp-json\/wp\/v2\/media?parent=2379"}],"wp:term":[{"taxonomy":"category","embeddable":true,"href":"https:\/\/dalpian.arq.br\/index.php\/wp-json\/wp\/v2\/categories?post=2379"},{"taxonomy":"post_tag","embeddable":true,"href":"https:\/\/dalpian.arq.br\/index.php\/wp-json\/wp\/v2\/tags?post=2379"}],"curies":[{"name":"wp","href":"https:\/\/api.w.org\/{rel}","templated":true}]}}