{"id":2389,"date":"2019-09-26T12:34:39","date_gmt":"2019-09-26T12:34:39","guid":{"rendered":"http:\/\/162.243.6.39\/?p=2389"},"modified":"2023-12-15T10:47:16","modified_gmt":"2023-12-15T13:47:16","slug":"sesc-guarulhos-na-edicao-450-da-revista-projeto","status":"publish","type":"post","link":"https:\/\/dalpian.arq.br\/index.php\/sesc-guarulhos-na-edicao-450-da-revista-projeto\/","title":{"rendered":"SESC Guarulhos na edi\u00e7\u00e3o #450 da Revista PROJETO"},"content":{"rendered":"<p>&nbsp;<\/p>\n<p><img loading=\"lazy\" class=\"aligncenter  wp-image-12027\" src=\"https:\/\/dalpian.arq.br\/wp-content\/uploads\/2019\/09\/7MG_9812-1-2-300x200.jpg\" alt=\"\" width=\"1349\" height=\"899\" srcset=\"https:\/\/dalpian.arq.br\/wp-content\/uploads\/2019\/09\/7MG_9812-1-2-300x200.jpg 300w, https:\/\/dalpian.arq.br\/wp-content\/uploads\/2019\/09\/7MG_9812-1-2-1024x683.jpg 1024w, https:\/\/dalpian.arq.br\/wp-content\/uploads\/2019\/09\/7MG_9812-1-2-768x512.jpg 768w, https:\/\/dalpian.arq.br\/wp-content\/uploads\/2019\/09\/7MG_9812-1-2.jpg 1200w\" sizes=\"(max-width: 1349px) 100vw, 1349px\" \/><\/p>\n<h6>[26\/09\/2019]<\/h6>\n<p>&nbsp;<\/p>\n<p>A edi\u00e7\u00e3o #450 da<strong><em> Revista PROJETO<\/em><\/strong> traz mat\u00e9ria super completa sobre a nova unidade do <em><strong>SESC em Guarulhos<\/strong><\/em>, projeto da <em><strong>Dal Pian Arquitetos<\/strong><\/em> vencedor de concurso p\u00fablico de arquitetura realizado em 2009.<\/p>\n<p>Localizado no bairro\u00a0Jardim Flor do Campo,\u00a0o <strong>novo centro cultural, esportivo e de conviv\u00eancia<\/strong> ocupa um terreno de mais de 22 mil metros quadrados e uma \u00e1rea constru\u00edda de mais de\u00a034 mil metros quadrados.<\/p>\n<p>Constru\u00eddo em\u00a0<strong>tr\u00eas andares<\/strong>, com estacionamento no subsolo, o SESC\u00a0ainda conta com quadra poliesportiva, quadra de t\u00eanis, centro de m\u00fasica,\u00a0\u00e1rea de exposi\u00e7\u00e3o, espa\u00e7o de brincar, sala de gin\u00e1stica, espa\u00e7o de tecnologias e artes, cl\u00ednica odontol\u00f3gica, conjunto aqu\u00e1tico com\u00a0piscina semiol\u00edmpica\u00a0coberta e piscinas abertas para adultos e crian\u00e7as.<\/p>\n<p>Clique\u00a0<em><a href=\"https:\/\/rpnacobogo.us20.list-manage.com\/track\/click?u=f582d8515d8f93d1da647855f&amp;id=5a4bb28f09&amp;e=cd05f4af87\">aqui<\/a><\/em><a href=\"https:\/\/rpnacobogo.us20.list-manage.com\/track\/click?u=f582d8515d8f93d1da647855f&amp;id=6cde81cf7c&amp;e=cd05f4af87\">\u00a0<\/a>e leia a mat\u00e9ria completa.<\/p>\n","protected":false},"excerpt":{"rendered":"<p>&nbsp; [26\/09\/2019] &nbsp; A edi\u00e7\u00e3o #450 da Revista PROJETO traz mat\u00e9ria super completa sobre a nova unidade do SESC em Guarulhos, projeto da Dal Pian Arquitetos vencedor de concurso p\u00fablico de arquitetura realizado em 2009. Localizado no bairro\u00a0Jardim Flor do Campo,\u00a0o novo centro cultural, esportivo e de conviv\u00eancia ocupa um terreno de mais de 22 [&hellip;]<\/p>\n","protected":false},"author":1,"featured_media":9297,"comment_status":"open","ping_status":"open","sticky":false,"template":"","format":"standard","meta":{"_mi_skip_tracking":false,"_monsterinsights_sitenote_active":false,"_monsterinsights_sitenote_note":"","_monsterinsights_sitenote_category":0},"categories":[18],"tags":[],"_links":{"self":[{"href":"https:\/\/dalpian.arq.br\/index.php\/wp-json\/wp\/v2\/posts\/2389"}],"collection":[{"href":"https:\/\/dalpian.arq.br\/index.php\/wp-json\/wp\/v2\/posts"}],"about":[{"href":"https:\/\/dalpian.arq.br\/index.php\/wp-json\/wp\/v2\/types\/post"}],"author":[{"embeddable":true,"href":"https:\/\/dalpian.arq.br\/index.php\/wp-json\/wp\/v2\/users\/1"}],"replies":[{"embeddable":true,"href":"https:\/\/dalpian.arq.br\/index.php\/wp-json\/wp\/v2\/comments?post=2389"}],"version-history":[{"count":29,"href":"https:\/\/dalpian.arq.br\/index.php\/wp-json\/wp\/v2\/posts\/2389\/revisions"}],"predecessor-version":[{"id":12028,"href":"https:\/\/dalpian.arq.br\/index.php\/wp-json\/wp\/v2\/posts\/2389\/revisions\/12028"}],"wp:featuredmedia":[{"embeddable":true,"href":"https:\/\/dalpian.arq.br\/index.php\/wp-json\/wp\/v2\/media\/9297"}],"wp:attachment":[{"href":"https:\/\/dalpian.arq.br\/index.php\/wp-json\/wp\/v2\/media?parent=2389"}],"wp:term":[{"taxonomy":"category","embeddable":true,"href":"https:\/\/dalpian.arq.br\/index.php\/wp-json\/wp\/v2\/categories?post=2389"},{"taxonomy":"post_tag","embeddable":true,"href":"https:\/\/dalpian.arq.br\/index.php\/wp-json\/wp\/v2\/tags?post=2389"}],"curies":[{"name":"wp","href":"https:\/\/api.w.org\/{rel}","templated":true}]}}