{"id":252,"date":"2006-06-20T15:31:57","date_gmt":"2006-06-20T15:31:57","guid":{"rendered":"http:\/\/162.243.6.39\/?p=252"},"modified":"2019-12-19T19:12:51","modified_gmt":"2019-12-19T19:12:51","slug":"casa-brava-ll","status":"publish","type":"post","link":"https:\/\/dalpian.arq.br\/index.php\/casa-brava-ll\/","title":{"rendered":"Casa Brava ll"},"content":{"rendered":"<h2><span lang=\"PT-BR\">Casa Brava II<\/span><\/h2>\n<p><strong><span lang=\"PT-BR\">Ubatuba \/ SP<\/span><\/strong><\/p>\n<p><strong><span lang=\"PT-BR\">2004 &#8211; 2006<\/span><\/strong><\/p>\n<p><strong>\u00c1rea:\u00a0\u00a0147 m\u00b2<\/strong><\/p>\n<p><strong>Projeto premiado pelo Instituto de Arquitetos do Brasil de S\u00e3o Paulo &#8211; 2004.<\/strong><\/p>\n<p>&nbsp;<\/p>\n<p>A casa de veraneio em Ubatuba, litoral norte paulista, se implanta na clareira de um terreno \u00edngreme e densamente vegetado, de aproximadamente 4.700m\u00b2.<\/p>\n<p>Concebido como um pavilh\u00e3o \u00fanico composto por estrutura de madeira e grandes caixilhos envidra\u00e7ados recobertos por telhas em alum\u00ednio tipo &#8220;sanduiche&#8221;, a casa procura absorver, em seus espa\u00e7os, a magnitude da Mata Atl\u00e2ntica.<\/p>\n<p>Fotos: Nelson Kon<\/p>\n","protected":false},"excerpt":{"rendered":"<p>Ubatuba | SP<\/p>\n","protected":false},"author":1,"featured_media":5049,"comment_status":"open","ping_status":"open","sticky":false,"template":"","format":"standard","meta":{"_mi_skip_tracking":false,"_monsterinsights_sitenote_active":false,"_monsterinsights_sitenote_note":"","_monsterinsights_sitenote_category":0},"categories":[3,2,8],"tags":[],"_links":{"self":[{"href":"https:\/\/dalpian.arq.br\/index.php\/wp-json\/wp\/v2\/posts\/252"}],"collection":[{"href":"https:\/\/dalpian.arq.br\/index.php\/wp-json\/wp\/v2\/posts"}],"about":[{"href":"https:\/\/dalpian.arq.br\/index.php\/wp-json\/wp\/v2\/types\/post"}],"author":[{"embeddable":true,"href":"https:\/\/dalpian.arq.br\/index.php\/wp-json\/wp\/v2\/users\/1"}],"replies":[{"embeddable":true,"href":"https:\/\/dalpian.arq.br\/index.php\/wp-json\/wp\/v2\/comments?post=252"}],"version-history":[{"count":11,"href":"https:\/\/dalpian.arq.br\/index.php\/wp-json\/wp\/v2\/posts\/252\/revisions"}],"predecessor-version":[{"id":10125,"href":"https:\/\/dalpian.arq.br\/index.php\/wp-json\/wp\/v2\/posts\/252\/revisions\/10125"}],"wp:featuredmedia":[{"embeddable":true,"href":"https:\/\/dalpian.arq.br\/index.php\/wp-json\/wp\/v2\/media\/5049"}],"wp:attachment":[{"href":"https:\/\/dalpian.arq.br\/index.php\/wp-json\/wp\/v2\/media?parent=252"}],"wp:term":[{"taxonomy":"category","embeddable":true,"href":"https:\/\/dalpian.arq.br\/index.php\/wp-json\/wp\/v2\/categories?post=252"},{"taxonomy":"post_tag","embeddable":true,"href":"https:\/\/dalpian.arq.br\/index.php\/wp-json\/wp\/v2\/tags?post=252"}],"curies":[{"name":"wp","href":"https:\/\/api.w.org\/{rel}","templated":true}]}}