{"id":3159,"date":"2014-02-01T19:16:30","date_gmt":"2014-02-01T19:16:30","guid":{"rendered":"http:\/\/162.243.6.39\/?p=3159"},"modified":"2023-12-15T11:34:54","modified_gmt":"2023-12-15T14:34:54","slug":"dal-pian-e-premiado-no-concurso-para-o-novo-sesc-osasco","status":"publish","type":"post","link":"https:\/\/dalpian.arq.br\/index.php\/dal-pian-e-premiado-no-concurso-para-o-novo-sesc-osasco\/","title":{"rendered":"Dal Pian Arquitetos \u00e9 premiado no concurso para o novo SESC Osasco"},"content":{"rendered":"<p><img loading=\"lazy\" class=\"aligncenter  wp-image-12064\" src=\"https:\/\/dalpian.arq.br\/wp-content\/uploads\/2014\/02\/DAL_PIAN-SESC-OSASCO-01-2-300x154.jpg\" alt=\"\" width=\"1314\" height=\"675\" srcset=\"https:\/\/dalpian.arq.br\/wp-content\/uploads\/2014\/02\/DAL_PIAN-SESC-OSASCO-01-2-300x154.jpg 300w, https:\/\/dalpian.arq.br\/wp-content\/uploads\/2014\/02\/DAL_PIAN-SESC-OSASCO-01-2-1024x526.jpg 1024w, https:\/\/dalpian.arq.br\/wp-content\/uploads\/2014\/02\/DAL_PIAN-SESC-OSASCO-01-2-768x394.jpg 768w, https:\/\/dalpian.arq.br\/wp-content\/uploads\/2014\/02\/DAL_PIAN-SESC-OSASCO-01-2.jpg 1200w\" sizes=\"(max-width: 1314px) 100vw, 1314px\" \/><\/p>\n<p>&nbsp;<\/p>\n<h6>[01\/02\/2014]<\/h6>\n<p>&nbsp;<\/p>\n<p>A proposta da <em><strong>Dal Pian Arquitetos<\/strong><\/em> conquistou o Quarto Lugar no concurso p\u00fablico nacional para a nova unidade do <em><strong>SESC em Osasco<\/strong><strong>.<\/strong><\/em><\/p>\n<p>Com \u00e1rea constru\u00edda total de 34.100m\u00b2, o projeto procura manifestar a condi\u00e7\u00e3o da nova unidade do SESC como comunicador social e polarizador cultural atrav\u00e9s de uma arquitetura n\u00e3o apenas orientada \u00e0s solu\u00e7\u00f5es espec\u00edficas de suas atividades e fun\u00e7\u00f5es, mas tamb\u00e9m \u00e0 constru\u00e7\u00e3o de um <strong>cen\u00e1rio urbano<\/strong> mais <strong>cont\u00ednuo, coeso e unit\u00e1rio<\/strong> \u2013 um catalizador para o desenvolvimento dessa \u00e1rea da cidade.<\/p>\n<p><a href=\"http:\/\/162.243.6.39\/index.php\/sesc-osasco\/\"><em>Ir para p\u00e1gina do projeto.<\/em><\/a><\/p>\n<p>&nbsp;<\/p>\n<p><img loading=\"lazy\" class=\"aligncenter wp-image-6887 size-full\" src=\"https:\/\/dalpian.arq.br\/wp-content\/uploads\/2014\/02\/DAL_PIAN-SESC-OSASCO-02.jpg\" alt=\"\" width=\"1198\" height=\"708\" \/><\/p>\n<p>&nbsp;<\/p>\n<p>&nbsp;<\/p>\n","protected":false},"excerpt":{"rendered":"<p>&nbsp; [01\/02\/2014] &nbsp; A proposta da Dal Pian Arquitetos conquistou o Quarto Lugar no concurso p\u00fablico nacional para a nova unidade do SESC em Osasco. Com \u00e1rea constru\u00edda total de 34.100m\u00b2, o projeto procura manifestar a condi\u00e7\u00e3o da nova unidade do SESC como comunicador social e polarizador cultural atrav\u00e9s de uma arquitetura n\u00e3o apenas orientada [&hellip;]<\/p>\n","protected":false},"author":1,"featured_media":9467,"comment_status":"open","ping_status":"open","sticky":false,"template":"","format":"standard","meta":{"_mi_skip_tracking":false,"_monsterinsights_sitenote_active":false,"_monsterinsights_sitenote_note":"","_monsterinsights_sitenote_category":0},"categories":[18],"tags":[],"_links":{"self":[{"href":"https:\/\/dalpian.arq.br\/index.php\/wp-json\/wp\/v2\/posts\/3159"}],"collection":[{"href":"https:\/\/dalpian.arq.br\/index.php\/wp-json\/wp\/v2\/posts"}],"about":[{"href":"https:\/\/dalpian.arq.br\/index.php\/wp-json\/wp\/v2\/types\/post"}],"author":[{"embeddable":true,"href":"https:\/\/dalpian.arq.br\/index.php\/wp-json\/wp\/v2\/users\/1"}],"replies":[{"embeddable":true,"href":"https:\/\/dalpian.arq.br\/index.php\/wp-json\/wp\/v2\/comments?post=3159"}],"version-history":[{"count":15,"href":"https:\/\/dalpian.arq.br\/index.php\/wp-json\/wp\/v2\/posts\/3159\/revisions"}],"predecessor-version":[{"id":12065,"href":"https:\/\/dalpian.arq.br\/index.php\/wp-json\/wp\/v2\/posts\/3159\/revisions\/12065"}],"wp:featuredmedia":[{"embeddable":true,"href":"https:\/\/dalpian.arq.br\/index.php\/wp-json\/wp\/v2\/media\/9467"}],"wp:attachment":[{"href":"https:\/\/dalpian.arq.br\/index.php\/wp-json\/wp\/v2\/media?parent=3159"}],"wp:term":[{"taxonomy":"category","embeddable":true,"href":"https:\/\/dalpian.arq.br\/index.php\/wp-json\/wp\/v2\/categories?post=3159"},{"taxonomy":"post_tag","embeddable":true,"href":"https:\/\/dalpian.arq.br\/index.php\/wp-json\/wp\/v2\/tags?post=3159"}],"curies":[{"name":"wp","href":"https:\/\/api.w.org\/{rel}","templated":true}]}}