{"id":361,"date":"2003-06-20T02:26:29","date_gmt":"2003-06-20T02:26:29","guid":{"rendered":"http:\/\/162.243.6.39\/?p=361"},"modified":"2019-12-18T12:41:34","modified_gmt":"2019-12-18T12:41:34","slug":"edificio-corporativo-alphaville","status":"publish","type":"post","link":"https:\/\/dalpian.arq.br\/index.php\/edificio-corporativo-alphaville\/","title":{"rendered":"Centro Cultural SANASA"},"content":{"rendered":"<h2><span lang=\"PT-BR\">Centro Cultural SANASA<\/span><\/h2>\n<p><strong><span lang=\"PT-BR\">Campinas \/ SP<\/span><\/strong><\/p>\n<p><b><span lang=\"PT-BR\">2003<\/span><\/b><\/p>\n<p><strong>\u00c1rea: 2.415,00 m\u00b2<\/strong><\/p>\n<p>&nbsp;<\/p>\n<p>O projeto requalifica uma inteira quadra na regi\u00e3o central de Campinas e transforma o primeiro reservat\u00f3rio de \u00e1gua da cidade, datado de 1891, no Centro Cultural da SANASA, companhia urbana de abastecimento de \u00e1gua.<\/p>\n<p>Integrante, tamb\u00e9m, deste projeto, uma pra\u00e7a \u2013 Pra\u00e7a da \u00c1guas, frontal ao Centro Cultural potencializa seu uso p\u00fablico e oferece \u00e0 popula\u00e7\u00e3o novos espa\u00e7os de encontro e lazer.<\/p>\n","protected":false},"excerpt":{"rendered":"<p>Campinas | SP<\/p>\n","protected":false},"author":1,"featured_media":5507,"comment_status":"open","ping_status":"open","sticky":false,"template":"","format":"standard","meta":{"_mi_skip_tracking":false,"_monsterinsights_sitenote_active":false,"_monsterinsights_sitenote_note":"","_monsterinsights_sitenote_category":0},"categories":[3,2],"tags":[],"_links":{"self":[{"href":"https:\/\/dalpian.arq.br\/index.php\/wp-json\/wp\/v2\/posts\/361"}],"collection":[{"href":"https:\/\/dalpian.arq.br\/index.php\/wp-json\/wp\/v2\/posts"}],"about":[{"href":"https:\/\/dalpian.arq.br\/index.php\/wp-json\/wp\/v2\/types\/post"}],"author":[{"embeddable":true,"href":"https:\/\/dalpian.arq.br\/index.php\/wp-json\/wp\/v2\/users\/1"}],"replies":[{"embeddable":true,"href":"https:\/\/dalpian.arq.br\/index.php\/wp-json\/wp\/v2\/comments?post=361"}],"version-history":[{"count":11,"href":"https:\/\/dalpian.arq.br\/index.php\/wp-json\/wp\/v2\/posts\/361\/revisions"}],"predecessor-version":[{"id":7654,"href":"https:\/\/dalpian.arq.br\/index.php\/wp-json\/wp\/v2\/posts\/361\/revisions\/7654"}],"wp:featuredmedia":[{"embeddable":true,"href":"https:\/\/dalpian.arq.br\/index.php\/wp-json\/wp\/v2\/media\/5507"}],"wp:attachment":[{"href":"https:\/\/dalpian.arq.br\/index.php\/wp-json\/wp\/v2\/media?parent=361"}],"wp:term":[{"taxonomy":"category","embeddable":true,"href":"https:\/\/dalpian.arq.br\/index.php\/wp-json\/wp\/v2\/categories?post=361"},{"taxonomy":"post_tag","embeddable":true,"href":"https:\/\/dalpian.arq.br\/index.php\/wp-json\/wp\/v2\/tags?post=361"}],"curies":[{"name":"wp","href":"https:\/\/api.w.org\/{rel}","templated":true}]}}