{"id":390,"date":"2009-06-20T02:57:32","date_gmt":"2009-06-20T02:57:32","guid":{"rendered":"http:\/\/162.243.6.39\/?p=390"},"modified":"2020-01-14T13:17:25","modified_gmt":"2020-01-14T13:17:25","slug":"museu-da-historia","status":"publish","type":"post","link":"https:\/\/dalpian.arq.br\/index.php\/museu-da-historia\/","title":{"rendered":"Museu da Hist\u00f3ria do Estado de S\u00e3o Paulo"},"content":{"rendered":"<h2><span lang=\"PT-BR\">Museu da Hist\u00f3ria do Estado de S\u00e3o Paulo<\/span><\/h2>\n<p><strong><span lang=\"PT-BR\">S\u00e3o Paulo \/ SP<\/span><\/strong><\/p>\n<p><strong><span lang=\"PT-BR\">2009<\/span><\/strong><\/p>\n<p><strong>\u00c1rea: 10.900,00 m\u00b2<\/strong><\/p>\n<p>&nbsp;<\/p>\n<p>O projeto restaura, para uso de museu, as antigas instala\u00e7\u00f5es da Casa das Retortas (edificadas no in\u00edcio dos novecentos), constr\u00f3i um edif\u00edcio para o Centro de Documenta\u00e7\u00e3o do Estado e oferece novos percursos de pedestres atrav\u00e9s de uma rua interna quer transpassa o terreno.<\/p>\n<p>Essa nova via, recept\u00edvel aos fluxos urbanos, destaca visualmente o conjunto hist\u00f3rico e refor\u00e7a nossa inten\u00e7\u00e3o de oferecer \u00e0 cidade n\u00e3o apenas um museu, mas um espa\u00e7o p\u00fablico de frui\u00e7\u00e3o que estimule e instigue as diversas possibilidades de conhecimento, entretenimento, encontro e lazer.<\/p>\n<p>&nbsp;<\/p>\n<h5><em>Concurso a Convite da Funda\u00e7\u00e3o Energia e Saneamento de S\u00e3o Paulo.<\/em><\/h5>\n","protected":false},"excerpt":{"rendered":"<p>S\u00e3o Paulo | SP<\/p>\n","protected":false},"author":1,"featured_media":5148,"comment_status":"open","ping_status":"open","sticky":false,"template":"","format":"standard","meta":{"_mi_skip_tracking":false,"_monsterinsights_sitenote_active":false,"_monsterinsights_sitenote_note":"","_monsterinsights_sitenote_category":0},"categories":[3,2,4,10],"tags":[],"_links":{"self":[{"href":"https:\/\/dalpian.arq.br\/index.php\/wp-json\/wp\/v2\/posts\/390"}],"collection":[{"href":"https:\/\/dalpian.arq.br\/index.php\/wp-json\/wp\/v2\/posts"}],"about":[{"href":"https:\/\/dalpian.arq.br\/index.php\/wp-json\/wp\/v2\/types\/post"}],"author":[{"embeddable":true,"href":"https:\/\/dalpian.arq.br\/index.php\/wp-json\/wp\/v2\/users\/1"}],"replies":[{"embeddable":true,"href":"https:\/\/dalpian.arq.br\/index.php\/wp-json\/wp\/v2\/comments?post=390"}],"version-history":[{"count":14,"href":"https:\/\/dalpian.arq.br\/index.php\/wp-json\/wp\/v2\/posts\/390\/revisions"}],"predecessor-version":[{"id":10389,"href":"https:\/\/dalpian.arq.br\/index.php\/wp-json\/wp\/v2\/posts\/390\/revisions\/10389"}],"wp:featuredmedia":[{"embeddable":true,"href":"https:\/\/dalpian.arq.br\/index.php\/wp-json\/wp\/v2\/media\/5148"}],"wp:attachment":[{"href":"https:\/\/dalpian.arq.br\/index.php\/wp-json\/wp\/v2\/media?parent=390"}],"wp:term":[{"taxonomy":"category","embeddable":true,"href":"https:\/\/dalpian.arq.br\/index.php\/wp-json\/wp\/v2\/categories?post=390"},{"taxonomy":"post_tag","embeddable":true,"href":"https:\/\/dalpian.arq.br\/index.php\/wp-json\/wp\/v2\/tags?post=390"}],"curies":[{"name":"wp","href":"https:\/\/api.w.org\/{rel}","templated":true}]}}