{"id":458,"date":"2010-06-20T03:04:45","date_gmt":"2010-06-20T03:04:45","guid":{"rendered":"http:\/\/162.243.6.39\/?p=458"},"modified":"2020-01-14T13:15:55","modified_gmt":"2020-01-14T13:15:55","slug":"pinacoteca","status":"publish","type":"post","link":"https:\/\/dalpian.arq.br\/index.php\/pinacoteca\/","title":{"rendered":"Pinacoteca Liceu de S\u00e3o Paulo"},"content":{"rendered":"<h2><span lang=\"PT-BR\">Pinacoteca Liceu de S\u00e3o Paulo<\/span><\/h2>\n<p><strong><span lang=\"PT-BR\">S\u00e3o Paulo \/ SP<\/span><\/strong><\/p>\n<p><strong><span lang=\"PT-BR\">2010<\/span><\/strong><\/p>\n<p><strong><span lang=\"PT-BR\">\u00c1rea: 6.240,00 m\u00b2<\/span><\/strong><\/p>\n<p>&nbsp;<\/p>\n<p>A nova unidade da Pinacoteca de S\u00e3o Paulo \u2013 primeiro museu estabelecido na cidade \u2013 ser\u00e1 um espa\u00e7o voltado para a apresenta\u00e7\u00e3o da produ\u00e7\u00e3o art\u00edstica contempor\u00e2nea brasileira. Ocupar\u00e1 parte dos galp\u00f5es que abrigavam originariamente as oficinas do Liceu de Artes e Of\u00edcios, acrescidos de um novo edif\u00edcio projetado para as fun\u00e7\u00f5es espec\u00edficas de museu. Dever\u00e1, tamb\u00e9m,\u00a0contar com espa\u00e7os para as reservas t\u00e9cnicas do Museu da Casa Brasileira e Museu de Arte Sacra de S\u00e3o Paulo.<\/p>\n<p>A estrutura dos galp\u00f5es existentes, constru\u00eddos no in\u00edcio dos novecentos, se comp\u00f5e por um conjunto elegante de p\u00f3rticos met\u00e1licos, cuja nave central, mais elevada, conta com cobertura de duas \u00e1guas sustentadas por tesouras com pendurais ligados por escoras obl\u00edquas e o tensor definindo uma linha curva.<\/p>\n<p>Nossa proposta estabelece uma interven\u00e7\u00e3o \u00edntegra, atrav\u00e9s de um novo edif\u00edcio que, exteriorizando uma arquitetura forte, leg\u00edvel e diretamente identificada com suas atividades intr\u00ednsecas, tamb\u00e9m preserva e destaca os galp\u00f5es existentes.<\/p>\n<p>&nbsp;<\/p>\n<h5><em>Concurso a Convite da Secretaria de Cultura do Estado de S\u00e3o Paulo e da Pinacoteca de S\u00e3o Paulo.<\/em><\/h5>\n","protected":false},"excerpt":{"rendered":"<p> S\u00e3o Paulo | SP<\/p>\n","protected":false},"author":1,"featured_media":3994,"comment_status":"open","ping_status":"open","sticky":false,"template":"","format":"standard","meta":{"_mi_skip_tracking":false,"_monsterinsights_sitenote_active":false,"_monsterinsights_sitenote_note":"","_monsterinsights_sitenote_category":0},"categories":[3,2,4,5,10],"tags":[],"_links":{"self":[{"href":"https:\/\/dalpian.arq.br\/index.php\/wp-json\/wp\/v2\/posts\/458"}],"collection":[{"href":"https:\/\/dalpian.arq.br\/index.php\/wp-json\/wp\/v2\/posts"}],"about":[{"href":"https:\/\/dalpian.arq.br\/index.php\/wp-json\/wp\/v2\/types\/post"}],"author":[{"embeddable":true,"href":"https:\/\/dalpian.arq.br\/index.php\/wp-json\/wp\/v2\/users\/1"}],"replies":[{"embeddable":true,"href":"https:\/\/dalpian.arq.br\/index.php\/wp-json\/wp\/v2\/comments?post=458"}],"version-history":[{"count":14,"href":"https:\/\/dalpian.arq.br\/index.php\/wp-json\/wp\/v2\/posts\/458\/revisions"}],"predecessor-version":[{"id":10387,"href":"https:\/\/dalpian.arq.br\/index.php\/wp-json\/wp\/v2\/posts\/458\/revisions\/10387"}],"wp:featuredmedia":[{"embeddable":true,"href":"https:\/\/dalpian.arq.br\/index.php\/wp-json\/wp\/v2\/media\/3994"}],"wp:attachment":[{"href":"https:\/\/dalpian.arq.br\/index.php\/wp-json\/wp\/v2\/media?parent=458"}],"wp:term":[{"taxonomy":"category","embeddable":true,"href":"https:\/\/dalpian.arq.br\/index.php\/wp-json\/wp\/v2\/categories?post=458"},{"taxonomy":"post_tag","embeddable":true,"href":"https:\/\/dalpian.arq.br\/index.php\/wp-json\/wp\/v2\/tags?post=458"}],"curies":[{"name":"wp","href":"https:\/\/api.w.org\/{rel}","templated":true}]}}