{"id":524,"date":"2011-06-20T03:16:10","date_gmt":"2011-06-20T03:16:10","guid":{"rendered":"http:\/\/162.243.6.39\/?p=524"},"modified":"2019-12-19T15:50:58","modified_gmt":"2019-12-19T15:50:58","slug":"lavazza","status":"publish","type":"post","link":"https:\/\/dalpian.arq.br\/index.php\/lavazza\/","title":{"rendered":"F\u00e1brica de Caf\u00e9 Lavazza &#8211; Nova Unidade Industrial Brasil"},"content":{"rendered":"<h2><span lang=\"PT-BR\">F\u00e1brica de Caf\u00e9 Lavazza &#8211; Nova Unidade Industrial Brasil<\/span><\/h2>\n<p><strong><span lang=\"PT-BR\">Distrito Industrial de Queimados \/ RJ<\/span><\/strong><\/p>\n<p><b><span lang=\"PT-BR\">2011 &#8211; 2013<\/span><\/b><\/p>\n<p><strong>\u00c1rea: 12.000,00 m\u00b2<\/strong><\/p>\n<p>&nbsp;<\/p>\n<p>A empresa italiana de Caf\u00e9 Lavazza, sediada em Turim, na regi\u00e3o do Piemonte, construir\u00e1 no Distrito Industrial de Queimados\/RJ,\u00a0 sua segunda unidade industrial fora da It\u00e1lia \u2013 a primeira se encontra em constru\u00e7\u00e3o na \u00cdndia \u2013 que dever\u00e1 abastecer o mercado do Brasil e das tr\u00eas Am\u00e9ricas.<\/p>\n<p>Al\u00e9m de responder \u00e0s necessidades espec\u00edficas de produ\u00e7\u00e3o e de seu fluxo operacional, o projeto procura, na sua arquitetura, fortalecer a imagem corporativa da empresa, fortemente vinculada ao uso de tecnologias associadas ao design.<\/p>\n","protected":false},"excerpt":{"rendered":"<p>Distrito Industrial de Queimados | RJ<\/p>\n","protected":false},"author":1,"featured_media":5276,"comment_status":"open","ping_status":"open","sticky":false,"template":"","format":"standard","meta":{"_mi_skip_tracking":false,"_monsterinsights_sitenote_active":false,"_monsterinsights_sitenote_note":"","_monsterinsights_sitenote_category":0},"categories":[3,2,9],"tags":[],"_links":{"self":[{"href":"https:\/\/dalpian.arq.br\/index.php\/wp-json\/wp\/v2\/posts\/524"}],"collection":[{"href":"https:\/\/dalpian.arq.br\/index.php\/wp-json\/wp\/v2\/posts"}],"about":[{"href":"https:\/\/dalpian.arq.br\/index.php\/wp-json\/wp\/v2\/types\/post"}],"author":[{"embeddable":true,"href":"https:\/\/dalpian.arq.br\/index.php\/wp-json\/wp\/v2\/users\/1"}],"replies":[{"embeddable":true,"href":"https:\/\/dalpian.arq.br\/index.php\/wp-json\/wp\/v2\/comments?post=524"}],"version-history":[{"count":10,"href":"https:\/\/dalpian.arq.br\/index.php\/wp-json\/wp\/v2\/posts\/524\/revisions"}],"predecessor-version":[{"id":10048,"href":"https:\/\/dalpian.arq.br\/index.php\/wp-json\/wp\/v2\/posts\/524\/revisions\/10048"}],"wp:featuredmedia":[{"embeddable":true,"href":"https:\/\/dalpian.arq.br\/index.php\/wp-json\/wp\/v2\/media\/5276"}],"wp:attachment":[{"href":"https:\/\/dalpian.arq.br\/index.php\/wp-json\/wp\/v2\/media?parent=524"}],"wp:term":[{"taxonomy":"category","embeddable":true,"href":"https:\/\/dalpian.arq.br\/index.php\/wp-json\/wp\/v2\/categories?post=524"},{"taxonomy":"post_tag","embeddable":true,"href":"https:\/\/dalpian.arq.br\/index.php\/wp-json\/wp\/v2\/tags?post=524"}],"curies":[{"name":"wp","href":"https:\/\/api.w.org\/{rel}","templated":true}]}}