{"id":710,"date":"2014-12-24T02:15:45","date_gmt":"2014-12-24T02:15:45","guid":{"rendered":"http:\/\/162.243.6.39\/?p=710"},"modified":"2020-01-14T12:58:58","modified_gmt":"2020-01-14T12:58:58","slug":"centro-civico","status":"publish","type":"post","link":"https:\/\/dalpian.arq.br\/index.php\/centro-civico\/","title":{"rendered":"Centro C\u00edvico Mil\u00e3o"},"content":{"rendered":"<h2><span lang=\"PT-BR\">Centro C\u00edvico Mil\u00e3o<\/span><\/h2>\n<p><strong><span lang=\"PT-BR\">Mil\u00e3o \/ It\u00e1lia<\/span><\/strong><\/p>\n<p><strong><span lang=\"PT-BR\">2014<\/span><\/strong><\/p>\n<p><strong>\u00c1rea: 897,50 m\u00b2<\/strong><\/p>\n<p>&nbsp;<\/p>\n<p>Em meio \u00e0 cidade consolidada, o Quartiere Isola-Garibaldi \u00e9 um fragmento de cidade que se reconstr\u00f3i.<\/p>\n<p>Interpretamos o Centro C\u00edvico, em meio ao verde desse parque p\u00fablico, como uma grande\u00a0<span lang=\"PT-BR\">Caixa de Acontecimentos.<\/span><\/p>\n<p>Envolvida por fechamento transparente e perme\u00e1vel \u00e0s perspectivas visuais, tanto internas quanto externas, se apresenta como um edif\u00edcio amig\u00e1vel e extrovertido, que valoriza a paisagem e a integra\u00e7\u00e3o com o entorno.<\/p>\n<p>Entende-se com essa configura\u00e7\u00e3o, estimular o encontro e a conviv\u00eancia como forma de promover e instigar as mais diversas possibilidades de manifesta\u00e7\u00f5es sociais, culturais e art\u00edsticas.<\/p>\n<p>Como um organismo arquitet\u00f4nico fortemente caracterizado pela transpar\u00eancia e pela rela\u00e7\u00e3o entre seus volumes s\u00f3lidos e vazios constru\u00eddos, o Centro C\u00edvico externa sua import\u00e2ncia atrav\u00e9s de uma arquitetura simples, leg\u00edvel, coesa e de forte identidade.<b>\u00a0<\/b><\/p>\n<p>&nbsp;<\/p>\n<h5><em><span lang=\"PT-BR\">Concurso Internacional<\/span><span lang=\"PT-BR\"><br \/>\ncom Arpino Masella Architettura.<\/span><\/em><\/h5>\n","protected":false},"excerpt":{"rendered":"<p>Mil\u00e3o | It\u00e1lia<\/p>\n","protected":false},"author":1,"featured_media":3123,"comment_status":"open","ping_status":"open","sticky":false,"template":"","format":"standard","meta":{"_mi_skip_tracking":false,"_monsterinsights_sitenote_active":false,"_monsterinsights_sitenote_note":"","_monsterinsights_sitenote_category":0},"categories":[3,2,5],"tags":[],"_links":{"self":[{"href":"https:\/\/dalpian.arq.br\/index.php\/wp-json\/wp\/v2\/posts\/710"}],"collection":[{"href":"https:\/\/dalpian.arq.br\/index.php\/wp-json\/wp\/v2\/posts"}],"about":[{"href":"https:\/\/dalpian.arq.br\/index.php\/wp-json\/wp\/v2\/types\/post"}],"author":[{"embeddable":true,"href":"https:\/\/dalpian.arq.br\/index.php\/wp-json\/wp\/v2\/users\/1"}],"replies":[{"embeddable":true,"href":"https:\/\/dalpian.arq.br\/index.php\/wp-json\/wp\/v2\/comments?post=710"}],"version-history":[{"count":13,"href":"https:\/\/dalpian.arq.br\/index.php\/wp-json\/wp\/v2\/posts\/710\/revisions"}],"predecessor-version":[{"id":10361,"href":"https:\/\/dalpian.arq.br\/index.php\/wp-json\/wp\/v2\/posts\/710\/revisions\/10361"}],"wp:featuredmedia":[{"embeddable":true,"href":"https:\/\/dalpian.arq.br\/index.php\/wp-json\/wp\/v2\/media\/3123"}],"wp:attachment":[{"href":"https:\/\/dalpian.arq.br\/index.php\/wp-json\/wp\/v2\/media?parent=710"}],"wp:term":[{"taxonomy":"category","embeddable":true,"href":"https:\/\/dalpian.arq.br\/index.php\/wp-json\/wp\/v2\/categories?post=710"},{"taxonomy":"post_tag","embeddable":true,"href":"https:\/\/dalpian.arq.br\/index.php\/wp-json\/wp\/v2\/tags?post=710"}],"curies":[{"name":"wp","href":"https:\/\/api.w.org\/{rel}","templated":true}]}}