{"id":7302,"date":"2008-10-17T14:54:42","date_gmt":"2008-10-17T14:54:42","guid":{"rendered":"http:\/\/162.243.6.39\/?p=7302"},"modified":"2023-09-21T11:52:48","modified_gmt":"2023-09-21T14:52:48","slug":"registro-civil-de-madri","status":"publish","type":"post","link":"https:\/\/dalpian.arq.br\/index.php\/registro-civil-de-madri\/","title":{"rendered":"Registro Civil de Madri"},"content":{"rendered":"<h2>Registro Civil de Madri<\/h2>\n<p><strong>Madri \/ Espanha<\/strong><\/p>\n<p><strong>2008<\/strong><\/p>\n<p><strong>\u00c1rea: 13.850,00 m\u00b2<\/strong><\/p>\n<p>&nbsp;<\/p>\n<p>A planta circular do edif\u00edcio para o Registro Civil de Madri respeita as premissas r\u00edgidas de ocupa\u00e7\u00e3o estabelecidas pelo Plano Diretor do novo Campus de Justi\u00e7a.<\/p>\n<p>O projeto se concebe ao entorno de um p\u00e1tio interno com jardins escalonados que articula e distribui as atividades no edif\u00edcio. Seu espa\u00e7o verde, transparente, di\u00e1fano e perme\u00e1vel\u00a0 \u00e0s vis\u00f5es do Campus torna vis\u00edvel seus acontecimentos e refor\u00e7a a proposta de ser um edif\u00edcio extrovertido, que integra a paisagem circundante a seus ambientes de perman\u00eancia e trabalho.<\/p>\n<p>&nbsp;<\/p>\n<h5><em>Concurso Internacional.<\/em><\/h5>\n","protected":false},"excerpt":{"rendered":"<p>Madri | Espanha<\/p>\n","protected":false},"author":1,"featured_media":7304,"comment_status":"open","ping_status":"open","sticky":false,"template":"","format":"standard","meta":{"_mi_skip_tracking":false,"_monsterinsights_sitenote_active":false,"_monsterinsights_sitenote_note":"","_monsterinsights_sitenote_category":0},"categories":[3,2,4],"tags":[],"_links":{"self":[{"href":"https:\/\/dalpian.arq.br\/index.php\/wp-json\/wp\/v2\/posts\/7302"}],"collection":[{"href":"https:\/\/dalpian.arq.br\/index.php\/wp-json\/wp\/v2\/posts"}],"about":[{"href":"https:\/\/dalpian.arq.br\/index.php\/wp-json\/wp\/v2\/types\/post"}],"author":[{"embeddable":true,"href":"https:\/\/dalpian.arq.br\/index.php\/wp-json\/wp\/v2\/users\/1"}],"replies":[{"embeddable":true,"href":"https:\/\/dalpian.arq.br\/index.php\/wp-json\/wp\/v2\/comments?post=7302"}],"version-history":[{"count":10,"href":"https:\/\/dalpian.arq.br\/index.php\/wp-json\/wp\/v2\/posts\/7302\/revisions"}],"predecessor-version":[{"id":10401,"href":"https:\/\/dalpian.arq.br\/index.php\/wp-json\/wp\/v2\/posts\/7302\/revisions\/10401"}],"wp:featuredmedia":[{"embeddable":true,"href":"https:\/\/dalpian.arq.br\/index.php\/wp-json\/wp\/v2\/media\/7304"}],"wp:attachment":[{"href":"https:\/\/dalpian.arq.br\/index.php\/wp-json\/wp\/v2\/media?parent=7302"}],"wp:term":[{"taxonomy":"category","embeddable":true,"href":"https:\/\/dalpian.arq.br\/index.php\/wp-json\/wp\/v2\/categories?post=7302"},{"taxonomy":"post_tag","embeddable":true,"href":"https:\/\/dalpian.arq.br\/index.php\/wp-json\/wp\/v2\/tags?post=7302"}],"curies":[{"name":"wp","href":"https:\/\/api.w.org\/{rel}","templated":true}]}}