{"id":732,"date":"2014-06-24T02:18:13","date_gmt":"2014-06-24T02:18:13","guid":{"rendered":"http:\/\/162.243.6.39\/?p=732"},"modified":"2020-01-14T13:03:17","modified_gmt":"2020-01-14T13:03:17","slug":"centro-cultural-de-eventos-e-exposicoes","status":"publish","type":"post","link":"https:\/\/dalpian.arq.br\/index.php\/centro-cultural-de-eventos-e-exposicoes\/","title":{"rendered":"Centro Cultural de Eventos e Exposi\u00e7\u00f5es em Paraty"},"content":{"rendered":"<h2><strong>Centro Cultural de Eventos e Exposi\u00e7\u00f5es em Paraty<\/strong><\/h2>\n<p><strong>Paraty \/ RJ<\/strong><\/p>\n<p><strong>2014<\/strong><\/p>\n<p><strong>\u00c1rea: 5.836,00 m\u00b2<\/strong><\/p>\n<p>&nbsp;<\/p>\n<p>O Centro Cultural foi concebido como uma grande Caixa de Acontecimentos, envolvida por fechamento transparente e protegida ambientalmente por grandes beirais e muxarabis, que reportam a tradi\u00e7\u00e3o presente na arquitetura colonial brasileira.<\/p>\n<p>Perme\u00e1vel \u00e0s perspectivas visuais, tanto internas quanto externas, o Centro Cultural se apresenta como um edif\u00edcio amig\u00e1vel e extrovertido que, valorizando a paisagem e a integra\u00e7\u00e3o com o entorno, se abre generosamente para a cidade que se constr\u00f3i.<\/p>\n<p>Entende-se com essa conforma\u00e7\u00e3o, estimular o encontro e a conviv\u00eancia como forma de promover e instigar as mais diversas possibilidades, de manifesta\u00e7\u00f5es culturais e art\u00edsticas.<\/p>\n<p>&nbsp;<\/p>\n<h5><em>Concurso Nacional &#8211; 1\u00ba pr\u00eamio.<\/em><\/h5>\n","protected":false},"excerpt":{"rendered":"<p>Paraty | RJ<\/p>\n","protected":false},"author":1,"featured_media":3214,"comment_status":"open","ping_status":"open","sticky":false,"template":"","format":"standard","meta":{"_mi_skip_tracking":false,"_monsterinsights_sitenote_active":false,"_monsterinsights_sitenote_note":"","_monsterinsights_sitenote_category":0},"categories":[3,2,5],"tags":[],"_links":{"self":[{"href":"https:\/\/dalpian.arq.br\/index.php\/wp-json\/wp\/v2\/posts\/732"}],"collection":[{"href":"https:\/\/dalpian.arq.br\/index.php\/wp-json\/wp\/v2\/posts"}],"about":[{"href":"https:\/\/dalpian.arq.br\/index.php\/wp-json\/wp\/v2\/types\/post"}],"author":[{"embeddable":true,"href":"https:\/\/dalpian.arq.br\/index.php\/wp-json\/wp\/v2\/users\/1"}],"replies":[{"embeddable":true,"href":"https:\/\/dalpian.arq.br\/index.php\/wp-json\/wp\/v2\/comments?post=732"}],"version-history":[{"count":10,"href":"https:\/\/dalpian.arq.br\/index.php\/wp-json\/wp\/v2\/posts\/732\/revisions"}],"predecessor-version":[{"id":10371,"href":"https:\/\/dalpian.arq.br\/index.php\/wp-json\/wp\/v2\/posts\/732\/revisions\/10371"}],"wp:featuredmedia":[{"embeddable":true,"href":"https:\/\/dalpian.arq.br\/index.php\/wp-json\/wp\/v2\/media\/3214"}],"wp:attachment":[{"href":"https:\/\/dalpian.arq.br\/index.php\/wp-json\/wp\/v2\/media?parent=732"}],"wp:term":[{"taxonomy":"category","embeddable":true,"href":"https:\/\/dalpian.arq.br\/index.php\/wp-json\/wp\/v2\/categories?post=732"},{"taxonomy":"post_tag","embeddable":true,"href":"https:\/\/dalpian.arq.br\/index.php\/wp-json\/wp\/v2\/tags?post=732"}],"curies":[{"name":"wp","href":"https:\/\/api.w.org\/{rel}","templated":true}]}}