{"id":7329,"date":"2007-10-17T15:17:23","date_gmt":"2007-10-17T15:17:23","guid":{"rendered":"http:\/\/162.243.6.39\/?p=7329"},"modified":"2023-09-21T11:52:15","modified_gmt":"2023-09-21T14:52:15","slug":"sede-do-tribunal-regional-do-trabalho-de-goias","status":"publish","type":"post","link":"https:\/\/dalpian.arq.br\/index.php\/sede-do-tribunal-regional-do-trabalho-de-goias\/","title":{"rendered":"Sede do Tribunal Regional do Trabalho de Goi\u00e1s"},"content":{"rendered":"<h2>Sede do Tribunal Regional do Trabalho de Goi\u00e1s<\/h2>\n<p><strong>Goi\u00e2nia \/ GO<\/strong><\/p>\n<p><strong>2007<\/strong><\/p>\n<p><strong>\u00a0\u00c1rea: 49.990,00 m\u00b2<\/strong><\/p>\n<p>&nbsp;<\/p>\n<p>Proposto para abrigar as instala\u00e7\u00f5es do Tribunal Regional do Trabalho do Estado de Goi\u00e1s, o projeto readequa o uso de um edif\u00edcio existente e prop\u00f5e dois novos edif\u00edcios independentes para a 1\u00aa e 2\u00aa Inst\u00e2ncias respectivamente.<\/p>\n<p>O conjunto edificado conforma e define uma grande pra\u00e7a p\u00fablica no interior da quadra que, evocando a escala coletiva, filtra e distribui os fluxos da cidade. Os edif\u00edcios envidra\u00e7ados exaltam a transpar\u00eancia como valor simb\u00f3lico da Justi\u00e7a. Seus controles de acesso e seguran\u00e7a s\u00e3o garantidos pela barreira sutil do espelho d\u2019\u00e1gua que unifica as atividades setorizadas e preserva as perspectivas visuais do conjunto.<\/p>\n<p>&nbsp;<\/p>\n<h5><em>Concurso Nacional &#8211; 2\u00ba lugar.<\/em><\/h5>\n","protected":false},"excerpt":{"rendered":"<p>Goi\u00e2nia | GO<\/p>\n","protected":false},"author":1,"featured_media":7330,"comment_status":"open","ping_status":"open","sticky":false,"template":"","format":"standard","meta":{"_mi_skip_tracking":false,"_monsterinsights_sitenote_active":false,"_monsterinsights_sitenote_note":"","_monsterinsights_sitenote_category":0},"categories":[3,2,4],"tags":[],"_links":{"self":[{"href":"https:\/\/dalpian.arq.br\/index.php\/wp-json\/wp\/v2\/posts\/7329"}],"collection":[{"href":"https:\/\/dalpian.arq.br\/index.php\/wp-json\/wp\/v2\/posts"}],"about":[{"href":"https:\/\/dalpian.arq.br\/index.php\/wp-json\/wp\/v2\/types\/post"}],"author":[{"embeddable":true,"href":"https:\/\/dalpian.arq.br\/index.php\/wp-json\/wp\/v2\/users\/1"}],"replies":[{"embeddable":true,"href":"https:\/\/dalpian.arq.br\/index.php\/wp-json\/wp\/v2\/comments?post=7329"}],"version-history":[{"count":7,"href":"https:\/\/dalpian.arq.br\/index.php\/wp-json\/wp\/v2\/posts\/7329\/revisions"}],"predecessor-version":[{"id":10407,"href":"https:\/\/dalpian.arq.br\/index.php\/wp-json\/wp\/v2\/posts\/7329\/revisions\/10407"}],"wp:featuredmedia":[{"embeddable":true,"href":"https:\/\/dalpian.arq.br\/index.php\/wp-json\/wp\/v2\/media\/7330"}],"wp:attachment":[{"href":"https:\/\/dalpian.arq.br\/index.php\/wp-json\/wp\/v2\/media?parent=7329"}],"wp:term":[{"taxonomy":"category","embeddable":true,"href":"https:\/\/dalpian.arq.br\/index.php\/wp-json\/wp\/v2\/categories?post=7329"},{"taxonomy":"post_tag","embeddable":true,"href":"https:\/\/dalpian.arq.br\/index.php\/wp-json\/wp\/v2\/tags?post=7329"}],"curies":[{"name":"wp","href":"https:\/\/api.w.org\/{rel}","templated":true}]}}