{"id":7440,"date":"2002-10-17T17:30:08","date_gmt":"2002-10-17T17:30:08","guid":{"rendered":"http:\/\/162.243.6.39\/?p=7440"},"modified":"2020-01-14T13:31:46","modified_gmt":"2020-01-14T13:31:46","slug":"revitalizacao-do-centro-historico-de-sumare","status":"publish","type":"post","link":"https:\/\/dalpian.arq.br\/index.php\/revitalizacao-do-centro-historico-de-sumare\/","title":{"rendered":"Revitaliza\u00e7\u00e3o do Centro Hist\u00f3rico de Sumar\u00e9"},"content":{"rendered":"<h2>Revitaliza\u00e7\u00e3o do Centro Hist\u00f3rico de Sumar\u00e9<\/h2>\n<p><strong>Sumar\u00e9 \/ SP<\/strong><\/p>\n<p><strong>2002<\/strong><\/p>\n<p>&nbsp;<\/p>\n<p>O Centro Hist\u00f3rico de Sumar\u00e9, no interior paulista, se referencia fortemente na presen\u00e7a da ferrovia e dos edif\u00edcios que comp\u00f5em o complexo ferrovi\u00e1rio, na Rua do Com\u00e9rcio, nas pra\u00e7as centrais e na Igreja da Matriz. Focando diretamente sobre essas \u00e1reas, nossa proposta estabelece tr\u00eas eixos prim\u00e1rios de interven\u00e7\u00e3o:<\/p>\n<p>1 &#8211; Eixo Ferrovi\u00e1rio<br \/>\n2 &#8211; Eixo do Com\u00e9rcio<br \/>\n3 &#8211; Eixo da Matriz<\/p>\n<p>&nbsp;<\/p>\n<h5><em>Concurso Nacional &#8211; 4\u00ba Pr\u00eamio.<\/em><\/h5>\n","protected":false},"excerpt":{"rendered":"<p>Sumar\u00e9 | SP<\/p>\n","protected":false},"author":1,"featured_media":7443,"comment_status":"open","ping_status":"open","sticky":false,"template":"","format":"standard","meta":{"_mi_skip_tracking":false,"_monsterinsights_sitenote_active":false,"_monsterinsights_sitenote_note":"","_monsterinsights_sitenote_category":0},"categories":[3,2,10,11],"tags":[],"_links":{"self":[{"href":"https:\/\/dalpian.arq.br\/index.php\/wp-json\/wp\/v2\/posts\/7440"}],"collection":[{"href":"https:\/\/dalpian.arq.br\/index.php\/wp-json\/wp\/v2\/posts"}],"about":[{"href":"https:\/\/dalpian.arq.br\/index.php\/wp-json\/wp\/v2\/types\/post"}],"author":[{"embeddable":true,"href":"https:\/\/dalpian.arq.br\/index.php\/wp-json\/wp\/v2\/users\/1"}],"replies":[{"embeddable":true,"href":"https:\/\/dalpian.arq.br\/index.php\/wp-json\/wp\/v2\/comments?post=7440"}],"version-history":[{"count":7,"href":"https:\/\/dalpian.arq.br\/index.php\/wp-json\/wp\/v2\/posts\/7440\/revisions"}],"predecessor-version":[{"id":10425,"href":"https:\/\/dalpian.arq.br\/index.php\/wp-json\/wp\/v2\/posts\/7440\/revisions\/10425"}],"wp:featuredmedia":[{"embeddable":true,"href":"https:\/\/dalpian.arq.br\/index.php\/wp-json\/wp\/v2\/media\/7443"}],"wp:attachment":[{"href":"https:\/\/dalpian.arq.br\/index.php\/wp-json\/wp\/v2\/media?parent=7440"}],"wp:term":[{"taxonomy":"category","embeddable":true,"href":"https:\/\/dalpian.arq.br\/index.php\/wp-json\/wp\/v2\/categories?post=7440"},{"taxonomy":"post_tag","embeddable":true,"href":"https:\/\/dalpian.arq.br\/index.php\/wp-json\/wp\/v2\/tags?post=7440"}],"curies":[{"name":"wp","href":"https:\/\/api.w.org\/{rel}","templated":true}]}}