{"id":7467,"date":"1999-10-17T17:48:23","date_gmt":"1999-10-17T17:48:23","guid":{"rendered":"http:\/\/162.243.6.39\/?p=7467"},"modified":"2020-01-14T13:32:31","modified_gmt":"2020-01-14T13:32:31","slug":"revitalizacao-do-complexo-carandiru","status":"publish","type":"post","link":"https:\/\/dalpian.arq.br\/index.php\/revitalizacao-do-complexo-carandiru\/","title":{"rendered":"Revitaliza\u00e7\u00e3o do Complexo Carandiru"},"content":{"rendered":"<h2>Revitaliza\u00e7\u00e3o do Complexo Carandiru<\/h2>\n<p><strong>S\u00e3o Paulo \/ SP<\/strong><\/p>\n<p><strong>1999<\/strong><\/p>\n<p>&nbsp;<\/p>\n<p>A reorganiza\u00e7\u00e3o do Complexo do Carandiru e seu entorno, mais que necessitar da previs\u00e3o do planejamento macro-estrutural, deve ser definida na particularidade de suas necessidades espec\u00edficas.<\/p>\n<p>A partir do c\u00f3rrego dos Caraj\u00e1s, que corta seu territ\u00f3rio, o projeto estabelece a \u00e1gua como elemento estruturador das atividades do Complexo, dividido em quatro setores distintos, conectados entre si e com usos e ocupa\u00e7\u00f5es complementares:<\/p>\n<p>&#8211; Setor Educacional<br \/>\n&#8211; Setor Institucional<br \/>\n&#8211; Setor Cultural e Social<br \/>\n&#8211; Setor Recreativo e Esportivo<\/p>\n<p>&nbsp;<\/p>\n<h5><em>Concurso Nacional &#8211; Men\u00e7\u00e3o Honrosa.<\/em><\/h5>\n","protected":false},"excerpt":{"rendered":"<p>S\u00e3o Paulo | SP<\/p>\n","protected":false},"author":1,"featured_media":7479,"comment_status":"open","ping_status":"open","sticky":false,"template":"","format":"standard","meta":{"_mi_skip_tracking":false,"_monsterinsights_sitenote_active":false,"_monsterinsights_sitenote_note":"","_monsterinsights_sitenote_category":0},"categories":[1,3,2,11],"tags":[],"_links":{"self":[{"href":"https:\/\/dalpian.arq.br\/index.php\/wp-json\/wp\/v2\/posts\/7467"}],"collection":[{"href":"https:\/\/dalpian.arq.br\/index.php\/wp-json\/wp\/v2\/posts"}],"about":[{"href":"https:\/\/dalpian.arq.br\/index.php\/wp-json\/wp\/v2\/types\/post"}],"author":[{"embeddable":true,"href":"https:\/\/dalpian.arq.br\/index.php\/wp-json\/wp\/v2\/users\/1"}],"replies":[{"embeddable":true,"href":"https:\/\/dalpian.arq.br\/index.php\/wp-json\/wp\/v2\/comments?post=7467"}],"version-history":[{"count":9,"href":"https:\/\/dalpian.arq.br\/index.php\/wp-json\/wp\/v2\/posts\/7467\/revisions"}],"predecessor-version":[{"id":10427,"href":"https:\/\/dalpian.arq.br\/index.php\/wp-json\/wp\/v2\/posts\/7467\/revisions\/10427"}],"wp:featuredmedia":[{"embeddable":true,"href":"https:\/\/dalpian.arq.br\/index.php\/wp-json\/wp\/v2\/media\/7479"}],"wp:attachment":[{"href":"https:\/\/dalpian.arq.br\/index.php\/wp-json\/wp\/v2\/media?parent=7467"}],"wp:term":[{"taxonomy":"category","embeddable":true,"href":"https:\/\/dalpian.arq.br\/index.php\/wp-json\/wp\/v2\/categories?post=7467"},{"taxonomy":"post_tag","embeddable":true,"href":"https:\/\/dalpian.arq.br\/index.php\/wp-json\/wp\/v2\/tags?post=7467"}],"curies":[{"name":"wp","href":"https:\/\/api.w.org\/{rel}","templated":true}]}}