{"id":752,"date":"2014-06-24T22:03:48","date_gmt":"2014-06-24T22:03:48","guid":{"rendered":"http:\/\/162.243.6.39\/?p=752"},"modified":"2020-01-14T13:00:41","modified_gmt":"2020-01-14T13:00:41","slug":"senge","status":"publish","type":"post","link":"https:\/\/dalpian.arq.br\/index.php\/senge\/","title":{"rendered":"Expans\u00e3o da Sede do Senge &#8211; Rio Grande do Sul"},"content":{"rendered":"<h2><span lang=\"PT-BR\">Expans\u00e3o da Sede do SENGE &#8211; Rio Grande do Sul<\/span><\/h2>\n<p><strong><span lang=\"PT-BR\">Porto Alegre \/ RS<\/span><\/strong><\/p>\n<p><strong><span lang=\"PT-BR\">2014<\/span><\/strong><\/p>\n<p><strong>\u00c1rea: 10.372,00 m\u00b2<\/strong><\/p>\n<p>&nbsp;<\/p>\n<p>Propomos um edif\u00edcio transparente, iluminado e permeado por \u00e1reas verdes e jardins, que se distribui ao entorno de um vazio interno generoso, que percorre todos os seus pavimentos.<\/p>\n<p>Como espa\u00e7o articulador das atividades do edif\u00edcio, para este\u00a0<span lang=\"PT-BR\">Vazio Integrador se abrem\u00a0Jardins Escalonados e se debru\u00e7am as circula\u00e7\u00f5es horizontais, expondo o fluxo e o movimento dos usu\u00e1rios. Um conjunto de passarelas e escadas abertas tamb\u00e9m transpassa o vazio, refor\u00e7ando\u00a0nossa prerrogativa de um edif\u00edcio extrovertido.<\/span><\/p>\n<p>Uma\u00a0Cobertura Unificadora, composta por grelha met\u00e1lica, vidro e um sistema eficiente de extra\u00e7\u00e3o de ar e de prote\u00e7\u00e3o solar, filtra a luz natural e serve de coroamento a esse\u00a0espa\u00e7o di\u00e1fano de media\u00e7\u00e3o entre os ambientes natural e constru\u00eddo.<\/p>\n<p>&nbsp;<\/p>\n<h5><em><span lang=\"PT-BR\">Concurso Nacional &#8211; 2\u00b0 Lugar.<\/span><\/em><\/h5>\n","protected":false},"excerpt":{"rendered":"<p>Porto Alegre | RS<\/p>\n","protected":false},"author":1,"featured_media":4626,"comment_status":"open","ping_status":"open","sticky":false,"template":"","format":"standard","meta":{"_mi_skip_tracking":false,"_monsterinsights_sitenote_active":false,"_monsterinsights_sitenote_note":"","_monsterinsights_sitenote_category":0},"categories":[3,2,4],"tags":[],"_links":{"self":[{"href":"https:\/\/dalpian.arq.br\/index.php\/wp-json\/wp\/v2\/posts\/752"}],"collection":[{"href":"https:\/\/dalpian.arq.br\/index.php\/wp-json\/wp\/v2\/posts"}],"about":[{"href":"https:\/\/dalpian.arq.br\/index.php\/wp-json\/wp\/v2\/types\/post"}],"author":[{"embeddable":true,"href":"https:\/\/dalpian.arq.br\/index.php\/wp-json\/wp\/v2\/users\/1"}],"replies":[{"embeddable":true,"href":"https:\/\/dalpian.arq.br\/index.php\/wp-json\/wp\/v2\/comments?post=752"}],"version-history":[{"count":13,"href":"https:\/\/dalpian.arq.br\/index.php\/wp-json\/wp\/v2\/posts\/752\/revisions"}],"predecessor-version":[{"id":10365,"href":"https:\/\/dalpian.arq.br\/index.php\/wp-json\/wp\/v2\/posts\/752\/revisions\/10365"}],"wp:featuredmedia":[{"embeddable":true,"href":"https:\/\/dalpian.arq.br\/index.php\/wp-json\/wp\/v2\/media\/4626"}],"wp:attachment":[{"href":"https:\/\/dalpian.arq.br\/index.php\/wp-json\/wp\/v2\/media?parent=752"}],"wp:term":[{"taxonomy":"category","embeddable":true,"href":"https:\/\/dalpian.arq.br\/index.php\/wp-json\/wp\/v2\/categories?post=752"},{"taxonomy":"post_tag","embeddable":true,"href":"https:\/\/dalpian.arq.br\/index.php\/wp-json\/wp\/v2\/tags?post=752"}],"curies":[{"name":"wp","href":"https:\/\/api.w.org\/{rel}","templated":true}]}}