{"id":7881,"date":"2014-11-17T12:39:10","date_gmt":"2014-11-17T12:39:10","guid":{"rendered":"http:\/\/162.243.6.39\/?p=7881"},"modified":"2023-12-15T11:51:00","modified_gmt":"2023-12-15T14:51:00","slug":"dal-pian-e-premiado-no-concurso-para-o-novo-anexo-da-biblioteca-nacional-do-rio-de-janeiro","status":"publish","type":"post","link":"https:\/\/dalpian.arq.br\/index.php\/dal-pian-e-premiado-no-concurso-para-o-novo-anexo-da-biblioteca-nacional-do-rio-de-janeiro\/","title":{"rendered":"Dal Pian Arquitetos \u00e9 premiado no Concurso para o novo Anexo da Biblioteca Nacional"},"content":{"rendered":"<p>&nbsp;<\/p>\n<p><img loading=\"lazy\" class=\"aligncenter wp-image-7885 size-full\" src=\"https:\/\/dalpian.arq.br\/wp-content\/uploads\/2019\/10\/1920x1080_179.jpg\" alt=\"\" width=\"1920\" height=\"1080\" \/><\/p>\n<h6>[17\/11\/2014]<\/h6>\n<p>&nbsp;<\/p>\n<p>Concurso promovido pela <em><strong>Funda\u00e7\u00e3o Biblioteca Nacional (FBN)<\/strong><\/em> e pela <em><strong>Companhia de Desenvolvimento Urbano da Regi\u00e3o do Porto do Rio de Janeiro (CDURP)<\/strong><\/em>, e organizado pelo Departamento Rio de Janeiro do <strong><em>Instituto de Arquitetos do Brasil (IAB-RJ).<\/em><\/strong><\/p>\n<p>O projeto da Dal Pian Arquitetos para o Novo <em><strong>Anexo da Biblioteca Nacional<\/strong><\/em> do Rio de Janeiro conquistou o Terceiro Lugar na premia\u00e7\u00e3o.<\/p>\n<p><em>&#8221; Pensamos a Biblioteca P\u00fablica como um grande percurso arquitet\u00f4nico. Um espa\u00e7o integrado onde se combinam a Biblioteca Tradicional, de atmosfera serena e introspectiva, a Biblioteca Virtual, com informa\u00e7\u00f5es dispon\u00edveis em rede de comunica\u00e7\u00e3o e a biblioteca interativa, multifuncional e, por vezes, informal, chamada por n\u00f3s de Biblioteca Contempor\u00e2nea &#8220;.<\/em><\/p>\n<p>&nbsp;<\/p>\n<p><img loading=\"lazy\" class=\"aligncenter wp-image-7884 size-full\" src=\"https:\/\/dalpian.arq.br\/wp-content\/uploads\/2019\/10\/1920x1080_178.jpg\" alt=\"\" width=\"1920\" height=\"1080\" \/><\/p>\n<h6><\/h6>\n<p>&nbsp;<\/p>\n<p>Lugar de conserva\u00e7\u00e3o, difus\u00e3o e transfer\u00eancia de conhecimento, a biblioteca, como edif\u00edcio p\u00fablico, \u00e9 uma refer\u00eancia de grande valor simb\u00f3lico nas cidades \u2013 sua presen\u00e7a urbana prevalecente e destacada remonta a s\u00e9culos.<\/p>\n<p>Essa condi\u00e7\u00e3o, aliada \u00e0 cultura do tempo livre e ao crescente valor que bens imateriais como informa\u00e7\u00e3o, conhecimento e criatividade adquirem, permite \u00e0 biblioteca ampliar suas fun\u00e7\u00f5es e transformar-se em um <strong>catalizador social integrado de servi\u00e7os destinados \u00e0 cultura, informa\u00e7\u00e3o, forma\u00e7\u00e3o, estudo, encontro, entretenimento e lazer.<\/strong><\/p>\n<p>&nbsp;<\/p>\n<p><img loading=\"lazy\" class=\"aligncenter wp-image-7893 size-full\" src=\"https:\/\/dalpian.arq.br\/wp-content\/uploads\/2014\/11\/1920x1080_180-1.jpg\" alt=\"\" width=\"1200\" height=\"800\" \/><\/p>\n<h6><\/h6>\n<p>&nbsp;<\/p>\n<p>&nbsp;<\/p>\n<p>&nbsp;<\/p>\n<h6><\/h6>\n<p>&nbsp;<\/p>\n","protected":false},"excerpt":{"rendered":"<p>&nbsp; [17\/11\/2014] &nbsp; Concurso promovido pela Funda\u00e7\u00e3o Biblioteca Nacional (FBN) e pela Companhia de Desenvolvimento Urbano da Regi\u00e3o do Porto do Rio de Janeiro (CDURP), e organizado pelo Departamento Rio de Janeiro do Instituto de Arquitetos do Brasil (IAB-RJ). O projeto da Dal Pian Arquitetos para o Novo Anexo da Biblioteca Nacional do Rio de [&hellip;]<\/p>\n","protected":false},"author":1,"featured_media":9463,"comment_status":"open","ping_status":"open","sticky":false,"template":"","format":"standard","meta":{"_mi_skip_tracking":false,"_monsterinsights_sitenote_active":false,"_monsterinsights_sitenote_note":"","_monsterinsights_sitenote_category":0},"categories":[15,18],"tags":[],"_links":{"self":[{"href":"https:\/\/dalpian.arq.br\/index.php\/wp-json\/wp\/v2\/posts\/7881"}],"collection":[{"href":"https:\/\/dalpian.arq.br\/index.php\/wp-json\/wp\/v2\/posts"}],"about":[{"href":"https:\/\/dalpian.arq.br\/index.php\/wp-json\/wp\/v2\/types\/post"}],"author":[{"embeddable":true,"href":"https:\/\/dalpian.arq.br\/index.php\/wp-json\/wp\/v2\/users\/1"}],"replies":[{"embeddable":true,"href":"https:\/\/dalpian.arq.br\/index.php\/wp-json\/wp\/v2\/comments?post=7881"}],"version-history":[{"count":36,"href":"https:\/\/dalpian.arq.br\/index.php\/wp-json\/wp\/v2\/posts\/7881\/revisions"}],"predecessor-version":[{"id":12077,"href":"https:\/\/dalpian.arq.br\/index.php\/wp-json\/wp\/v2\/posts\/7881\/revisions\/12077"}],"wp:featuredmedia":[{"embeddable":true,"href":"https:\/\/dalpian.arq.br\/index.php\/wp-json\/wp\/v2\/media\/9463"}],"wp:attachment":[{"href":"https:\/\/dalpian.arq.br\/index.php\/wp-json\/wp\/v2\/media?parent=7881"}],"wp:term":[{"taxonomy":"category","embeddable":true,"href":"https:\/\/dalpian.arq.br\/index.php\/wp-json\/wp\/v2\/categories?post=7881"},{"taxonomy":"post_tag","embeddable":true,"href":"https:\/\/dalpian.arq.br\/index.php\/wp-json\/wp\/v2\/tags?post=7881"}],"curies":[{"name":"wp","href":"https:\/\/api.w.org\/{rel}","templated":true}]}}