{"id":8242,"date":"2014-06-03T20:17:09","date_gmt":"2014-06-03T20:17:09","guid":{"rendered":"http:\/\/162.243.6.39\/?p=8242"},"modified":"2023-12-15T11:48:54","modified_gmt":"2023-12-15T14:48:54","slug":"evolucao-obra-modulo-reboucas-parte-iii","status":"publish","type":"post","link":"https:\/\/dalpian.arq.br\/index.php\/evolucao-obra-modulo-reboucas-parte-iii\/","title":{"rendered":"Acompanhe o andamento da Obra &#8211; Edif\u00edcio M\u00f3dulo Rebou\u00e7as!"},"content":{"rendered":"<p>&nbsp;<\/p>\n<p><img loading=\"lazy\" class=\"aligncenter wp-image-8244 size-full\" src=\"https:\/\/dalpian.arq.br\/wp-content\/uploads\/2019\/10\/03.jpg\" alt=\"\" width=\"1200\" height=\"880\" \/><\/p>\n<h6>[03\/06\/2014]<\/h6>\n<p>&nbsp;<\/p>\n<p>As amostras dos pain\u00e9is de alum\u00ednio composto que far\u00e3o parte dos m\u00f3dulos opacos das fachadas &#8211; em contraste com os m\u00f3dulos envidra\u00e7ados &#8211; foram colocados na esquina da Avenida Rebou\u00e7as com a rua Capote Valente para avalia\u00e7\u00e3o e aprova\u00e7\u00e3o das cores.<\/p>\n<p>Tamb\u00e9m j\u00e1 foram instalados os mezaninos met\u00e1licos das unidades. Atirantados \u00e0s lajes e livres de pilares, liberam o pavimento inferior para configura\u00e7\u00f5es flex\u00edveis de layout.<\/p>\n<p>&nbsp;<\/p>\n<p><img loading=\"lazy\" class=\"aligncenter wp-image-8338 size-full\" src=\"https:\/\/dalpian.arq.br\/wp-content\/uploads\/2014\/06\/Galeria.jpg\" alt=\"\" width=\"1200\" height=\"400\" \/><\/p>\n<h6><\/h6>\n","protected":false},"excerpt":{"rendered":"<p>&nbsp; [03\/06\/2014] &nbsp; As amostras dos pain\u00e9is de alum\u00ednio composto que far\u00e3o parte dos m\u00f3dulos opacos das fachadas &#8211; em contraste com os m\u00f3dulos envidra\u00e7ados &#8211; foram colocados na esquina da Avenida Rebou\u00e7as com a rua Capote Valente para avalia\u00e7\u00e3o e aprova\u00e7\u00e3o das cores. Tamb\u00e9m j\u00e1 foram instalados os mezaninos met\u00e1licos das unidades. Atirantados \u00e0s [&hellip;]<\/p>\n","protected":false},"author":1,"featured_media":9465,"comment_status":"open","ping_status":"open","sticky":false,"template":"","format":"standard","meta":{"_mi_skip_tracking":false,"_monsterinsights_sitenote_active":false,"_monsterinsights_sitenote_note":"","_monsterinsights_sitenote_category":0},"categories":[15,18],"tags":[],"_links":{"self":[{"href":"https:\/\/dalpian.arq.br\/index.php\/wp-json\/wp\/v2\/posts\/8242"}],"collection":[{"href":"https:\/\/dalpian.arq.br\/index.php\/wp-json\/wp\/v2\/posts"}],"about":[{"href":"https:\/\/dalpian.arq.br\/index.php\/wp-json\/wp\/v2\/types\/post"}],"author":[{"embeddable":true,"href":"https:\/\/dalpian.arq.br\/index.php\/wp-json\/wp\/v2\/users\/1"}],"replies":[{"embeddable":true,"href":"https:\/\/dalpian.arq.br\/index.php\/wp-json\/wp\/v2\/comments?post=8242"}],"version-history":[{"count":18,"href":"https:\/\/dalpian.arq.br\/index.php\/wp-json\/wp\/v2\/posts\/8242\/revisions"}],"predecessor-version":[{"id":12075,"href":"https:\/\/dalpian.arq.br\/index.php\/wp-json\/wp\/v2\/posts\/8242\/revisions\/12075"}],"wp:featuredmedia":[{"embeddable":true,"href":"https:\/\/dalpian.arq.br\/index.php\/wp-json\/wp\/v2\/media\/9465"}],"wp:attachment":[{"href":"https:\/\/dalpian.arq.br\/index.php\/wp-json\/wp\/v2\/media?parent=8242"}],"wp:term":[{"taxonomy":"category","embeddable":true,"href":"https:\/\/dalpian.arq.br\/index.php\/wp-json\/wp\/v2\/categories?post=8242"},{"taxonomy":"post_tag","embeddable":true,"href":"https:\/\/dalpian.arq.br\/index.php\/wp-json\/wp\/v2\/tags?post=8242"}],"curies":[{"name":"wp","href":"https:\/\/api.w.org\/{rel}","templated":true}]}}