{"id":8287,"date":"2015-09-30T14:37:55","date_gmt":"2015-09-30T14:37:55","guid":{"rendered":"http:\/\/162.243.6.39\/?p=8287"},"modified":"2019-10-24T14:54:52","modified_gmt":"2019-10-24T14:54:52","slug":"quase-la-edificio-modulo-reboucas","status":"publish","type":"post","link":"https:\/\/dalpian.arq.br\/index.php\/quase-la-edificio-modulo-reboucas\/","title":{"rendered":"Quase l\u00e1! Edif\u00edcio M\u00f3dulo Rebou\u00e7as"},"content":{"rendered":"<h6><\/h6>\n<h6><img loading=\"lazy\" class=\"aligncenter wp-image-8290\" src=\"http:\/\/162.243.6.39\/wp-content\/uploads\/2015\/09\/20150930_144558.jpg\" alt=\"\" width=\"1200\" height=\"921\" \/><\/h6>\n<h6>[30\/09\/15]<\/h6>\n<p><img loading=\"lazy\" class=\"aligncenter wp-image-8292\" src=\"http:\/\/162.243.6.39\/wp-content\/uploads\/2015\/09\/Galeria.jpg\" alt=\"\" width=\"1200\" height=\"329\" \/><\/p>\n<h6>[30\/09\/15]<\/h6>\n<p><img loading=\"lazy\" class=\"aligncenter wp-image-8294\" src=\"http:\/\/162.243.6.39\/wp-content\/uploads\/2015\/09\/Galeria-II.jpg\" alt=\"\" width=\"1200\" height=\"326\" \/><\/p>\n<h6>[30\/09\/15]<\/h6>\n","protected":false},"excerpt":{"rendered":"<p>[30\/09\/15] [30\/09\/15] [30\/09\/15]<\/p>\n","protected":false},"author":1,"featured_media":0,"comment_status":"open","ping_status":"open","sticky":false,"template":"","format":"standard","meta":{"_mi_skip_tracking":false,"_monsterinsights_sitenote_active":false,"_monsterinsights_sitenote_note":"","_monsterinsights_sitenote_category":0},"categories":[1],"tags":[],"_links":{"self":[{"href":"https:\/\/dalpian.arq.br\/index.php\/wp-json\/wp\/v2\/posts\/8287"}],"collection":[{"href":"https:\/\/dalpian.arq.br\/index.php\/wp-json\/wp\/v2\/posts"}],"about":[{"href":"https:\/\/dalpian.arq.br\/index.php\/wp-json\/wp\/v2\/types\/post"}],"author":[{"embeddable":true,"href":"https:\/\/dalpian.arq.br\/index.php\/wp-json\/wp\/v2\/users\/1"}],"replies":[{"embeddable":true,"href":"https:\/\/dalpian.arq.br\/index.php\/wp-json\/wp\/v2\/comments?post=8287"}],"version-history":[{"count":5,"href":"https:\/\/dalpian.arq.br\/index.php\/wp-json\/wp\/v2\/posts\/8287\/revisions"}],"predecessor-version":[{"id":8295,"href":"https:\/\/dalpian.arq.br\/index.php\/wp-json\/wp\/v2\/posts\/8287\/revisions\/8295"}],"wp:attachment":[{"href":"https:\/\/dalpian.arq.br\/index.php\/wp-json\/wp\/v2\/media?parent=8287"}],"wp:term":[{"taxonomy":"category","embeddable":true,"href":"https:\/\/dalpian.arq.br\/index.php\/wp-json\/wp\/v2\/categories?post=8287"},{"taxonomy":"post_tag","embeddable":true,"href":"https:\/\/dalpian.arq.br\/index.php\/wp-json\/wp\/v2\/tags?post=8287"}],"curies":[{"name":"wp","href":"https:\/\/api.w.org\/{rel}","templated":true}]}}