{"id":8340,"date":"2018-02-14T17:49:30","date_gmt":"2018-02-14T17:49:30","guid":{"rendered":"http:\/\/162.243.6.39\/?p=8340"},"modified":"2023-12-15T11:12:04","modified_gmt":"2023-12-15T14:12:04","slug":"indicados-ao-premio-mies-crown-hall-americas-2016-2017","status":"publish","type":"post","link":"https:\/\/dalpian.arq.br\/index.php\/indicados-ao-premio-mies-crown-hall-americas-2016-2017\/","title":{"rendered":"NASP indicado ao Mies Crown Hall Americas"},"content":{"rendered":"<p>&nbsp;<\/p>\n<p><img loading=\"lazy\" class=\"aligncenter  wp-image-12042\" src=\"https:\/\/dalpian.arq.br\/wp-content\/uploads\/2018\/02\/3MG_7101-2-297x300.jpg\" alt=\"\" width=\"1340\" height=\"1353\" srcset=\"https:\/\/dalpian.arq.br\/wp-content\/uploads\/2018\/02\/3MG_7101-2-297x300.jpg 297w, https:\/\/dalpian.arq.br\/wp-content\/uploads\/2018\/02\/3MG_7101-2-1015x1024.jpg 1015w, https:\/\/dalpian.arq.br\/wp-content\/uploads\/2018\/02\/3MG_7101-2-150x150.jpg 150w, https:\/\/dalpian.arq.br\/wp-content\/uploads\/2018\/02\/3MG_7101-2-768x775.jpg 768w, https:\/\/dalpian.arq.br\/wp-content\/uploads\/2018\/02\/3MG_7101-2.jpg 1200w\" sizes=\"(max-width: 1340px) 100vw, 1340px\" \/><\/p>\n<h6>[14\/02\/2018]<\/h6>\n<p>&nbsp;<\/p>\n<p>Nosso projeto para <em><strong>O<\/strong><\/em>\u00a0<em><strong>NASP<\/strong>\u00a0<strong>\u2013 Sede Natura S\u00e3o Paulo,\u00a0<\/strong><\/em>\u00e9 um dos nomeados para o <em><strong>Pr\u00eamio Mies Crown Hall Americas<\/strong><\/em> de 2018, que celebra as melhores obras constru\u00eddas nas Am\u00e9ricas.<\/p>\n<p>Evento organizado pela Faculdade de Arquitetura do Instituto de Tecnologia de Illinois (Chicago).<\/p>\n<p>Clique <em><a href=\"https:\/\/www.archdaily.com.br\/br\/889067\/projetos-indicados-ao-premio-mies-crown-hall-americas-2016-2017\">aqui <\/a><\/em>e leia a mat\u00e9ria completa.<\/p>\n<p>&nbsp;<\/p>\n<p><img loading=\"lazy\" class=\"aligncenter  wp-image-12043\" src=\"https:\/\/dalpian.arq.br\/wp-content\/uploads\/2018\/02\/Captura_de_pantalla_2018-02-13_a_las_16.18.22-2-300x120.jpg\" alt=\"\" width=\"1335\" height=\"534\" srcset=\"https:\/\/dalpian.arq.br\/wp-content\/uploads\/2018\/02\/Captura_de_pantalla_2018-02-13_a_las_16.18.22-2-300x120.jpg 300w, https:\/\/dalpian.arq.br\/wp-content\/uploads\/2018\/02\/Captura_de_pantalla_2018-02-13_a_las_16.18.22-2-1024x411.jpg 1024w, https:\/\/dalpian.arq.br\/wp-content\/uploads\/2018\/02\/Captura_de_pantalla_2018-02-13_a_las_16.18.22-2-768x308.jpg 768w, https:\/\/dalpian.arq.br\/wp-content\/uploads\/2018\/02\/Captura_de_pantalla_2018-02-13_a_las_16.18.22-2.jpg 1162w\" sizes=\"(max-width: 1335px) 100vw, 1335px\" \/><\/p>\n<h6><\/h6>\n","protected":false},"excerpt":{"rendered":"<p>&nbsp; [14\/02\/2018] &nbsp; Nosso projeto para O\u00a0NASP\u00a0\u2013 Sede Natura S\u00e3o Paulo,\u00a0\u00e9 um dos nomeados para o Pr\u00eamio Mies Crown Hall Americas de 2018, que celebra as melhores obras constru\u00eddas nas Am\u00e9ricas. Evento organizado pela Faculdade de Arquitetura do Instituto de Tecnologia de Illinois (Chicago). Clique aqui e leia a mat\u00e9ria completa. &nbsp;<\/p>\n","protected":false},"author":1,"featured_media":9349,"comment_status":"open","ping_status":"open","sticky":false,"template":"","format":"standard","meta":{"_mi_skip_tracking":false,"_monsterinsights_sitenote_active":false,"_monsterinsights_sitenote_note":"","_monsterinsights_sitenote_category":0},"categories":[15,18],"tags":[],"_links":{"self":[{"href":"https:\/\/dalpian.arq.br\/index.php\/wp-json\/wp\/v2\/posts\/8340"}],"collection":[{"href":"https:\/\/dalpian.arq.br\/index.php\/wp-json\/wp\/v2\/posts"}],"about":[{"href":"https:\/\/dalpian.arq.br\/index.php\/wp-json\/wp\/v2\/types\/post"}],"author":[{"embeddable":true,"href":"https:\/\/dalpian.arq.br\/index.php\/wp-json\/wp\/v2\/users\/1"}],"replies":[{"embeddable":true,"href":"https:\/\/dalpian.arq.br\/index.php\/wp-json\/wp\/v2\/comments?post=8340"}],"version-history":[{"count":21,"href":"https:\/\/dalpian.arq.br\/index.php\/wp-json\/wp\/v2\/posts\/8340\/revisions"}],"predecessor-version":[{"id":12044,"href":"https:\/\/dalpian.arq.br\/index.php\/wp-json\/wp\/v2\/posts\/8340\/revisions\/12044"}],"wp:featuredmedia":[{"embeddable":true,"href":"https:\/\/dalpian.arq.br\/index.php\/wp-json\/wp\/v2\/media\/9349"}],"wp:attachment":[{"href":"https:\/\/dalpian.arq.br\/index.php\/wp-json\/wp\/v2\/media?parent=8340"}],"wp:term":[{"taxonomy":"category","embeddable":true,"href":"https:\/\/dalpian.arq.br\/index.php\/wp-json\/wp\/v2\/categories?post=8340"},{"taxonomy":"post_tag","embeddable":true,"href":"https:\/\/dalpian.arq.br\/index.php\/wp-json\/wp\/v2\/tags?post=8340"}],"curies":[{"name":"wp","href":"https:\/\/api.w.org\/{rel}","templated":true}]}}