{"id":8379,"date":"2019-08-08T19:09:25","date_gmt":"2019-08-08T19:09:25","guid":{"rendered":"http:\/\/162.243.6.39\/?p=8379"},"modified":"2023-12-15T10:53:51","modified_gmt":"2023-12-15T13:53:51","slug":"palestra-da-dal-pian-arquitetos-no-2o-encontros-de-arquitetura-no-iab","status":"publish","type":"post","link":"https:\/\/dalpian.arq.br\/index.php\/palestra-da-dal-pian-arquitetos-no-2o-encontros-de-arquitetura-no-iab\/","title":{"rendered":"Palestra da Dal Pian Arquitetos no IAB-SP"},"content":{"rendered":"<h6><\/h6>\n<h6><img loading=\"lazy\" class=\"aligncenter  wp-image-12033\" src=\"https:\/\/dalpian.arq.br\/wp-content\/uploads\/2019\/08\/01_-2-300x115.jpg\" alt=\"\" width=\"1372\" height=\"526\" srcset=\"https:\/\/dalpian.arq.br\/wp-content\/uploads\/2019\/08\/01_-2-300x115.jpg 300w, https:\/\/dalpian.arq.br\/wp-content\/uploads\/2019\/08\/01_-2-768x293.jpg 768w\" sizes=\"(max-width: 1372px) 100vw, 1372px\" \/><\/h6>\n<h6 style=\"text-align: left;\">[08\/08\/2019]<\/h6>\n<p>&nbsp;<\/p>\n<p>Dal Pian Arquitetos foram convidados para participar em um dos \u201c Encontros de Arquitetura\u201d promovido pelo <em><strong>IAB-SP<\/strong><\/em>, para apresentar mais nova e completa unidade <strong><em>SESC GUARULHOS<\/em>.<\/strong><\/p>\n<p>O tema abordar\u00e1 os protagonistas das discuss\u00f5es pol\u00edticas nacionais no inicio de 2019: o Sistema S, representado neste encontro pelos projetos para as unidades do SESC (Servi\u00e7o Social do Com\u00e9rcio).<\/p>\n<p>Mais informa\u00e7\u00f5es sobre o evento, clique <em><a href=\"http:\/\/www.iabsp.org.br\/?noticias=encontros-de-arquitetura-2\">aqui<\/a>.<\/em><\/p>\n<p>&nbsp;<\/p>\n","protected":false},"excerpt":{"rendered":"<p>[08\/08\/2019] &nbsp; Dal Pian Arquitetos foram convidados para participar em um dos \u201c Encontros de Arquitetura\u201d promovido pelo IAB-SP, para apresentar mais nova e completa unidade SESC GUARULHOS. O tema abordar\u00e1 os protagonistas das discuss\u00f5es pol\u00edticas nacionais no inicio de 2019: o Sistema S, representado neste encontro pelos projetos para as unidades do SESC (Servi\u00e7o [&hellip;]<\/p>\n","protected":false},"author":1,"featured_media":9330,"comment_status":"open","ping_status":"open","sticky":false,"template":"","format":"standard","meta":{"_mi_skip_tracking":false,"_monsterinsights_sitenote_active":false,"_monsterinsights_sitenote_note":"","_monsterinsights_sitenote_category":0},"categories":[1,15,18],"tags":[],"_links":{"self":[{"href":"https:\/\/dalpian.arq.br\/index.php\/wp-json\/wp\/v2\/posts\/8379"}],"collection":[{"href":"https:\/\/dalpian.arq.br\/index.php\/wp-json\/wp\/v2\/posts"}],"about":[{"href":"https:\/\/dalpian.arq.br\/index.php\/wp-json\/wp\/v2\/types\/post"}],"author":[{"embeddable":true,"href":"https:\/\/dalpian.arq.br\/index.php\/wp-json\/wp\/v2\/users\/1"}],"replies":[{"embeddable":true,"href":"https:\/\/dalpian.arq.br\/index.php\/wp-json\/wp\/v2\/comments?post=8379"}],"version-history":[{"count":19,"href":"https:\/\/dalpian.arq.br\/index.php\/wp-json\/wp\/v2\/posts\/8379\/revisions"}],"predecessor-version":[{"id":12034,"href":"https:\/\/dalpian.arq.br\/index.php\/wp-json\/wp\/v2\/posts\/8379\/revisions\/12034"}],"wp:featuredmedia":[{"embeddable":true,"href":"https:\/\/dalpian.arq.br\/index.php\/wp-json\/wp\/v2\/media\/9330"}],"wp:attachment":[{"href":"https:\/\/dalpian.arq.br\/index.php\/wp-json\/wp\/v2\/media?parent=8379"}],"wp:term":[{"taxonomy":"category","embeddable":true,"href":"https:\/\/dalpian.arq.br\/index.php\/wp-json\/wp\/v2\/categories?post=8379"},{"taxonomy":"post_tag","embeddable":true,"href":"https:\/\/dalpian.arq.br\/index.php\/wp-json\/wp\/v2\/tags?post=8379"}],"curies":[{"name":"wp","href":"https:\/\/api.w.org\/{rel}","templated":true}]}}