{"id":858,"date":"2015-06-24T22:22:55","date_gmt":"2015-06-24T22:22:55","guid":{"rendered":"http:\/\/162.243.6.39\/?p=858"},"modified":"2020-11-11T01:11:40","modified_gmt":"2020-11-11T01:11:40","slug":"piazza-della-scala","status":"publish","type":"post","link":"https:\/\/dalpian.arq.br\/index.php\/piazza-della-scala\/","title":{"rendered":"Piazza della Scala"},"content":{"rendered":"<h2><strong>Piazza della Scala<\/strong><\/h2>\n<p><strong>Mil\u00e3o \/ It\u00e1lia<\/strong><\/p>\n<p><strong>2015<\/strong><\/p>\n<p>&nbsp;<\/p>\n<p>A Piazza della Scala, um dos lugares centrais mais representativos de Mil\u00e3o, se apresenta como um territ\u00f3rio urbano fragmentado, desarticulado e pouco convidativo ao uso, que n\u00e3o valoriza ou destaca a import\u00e2ncia simb\u00f3lica de seus edif\u00edcios de entorno &#8211; o Teatro alla Scala, o Palazzo Marino, a Galleria Vittorio Emanuele II, o edif\u00edcio da Banca Commerciale Italiana, hoje Intesa Sanpaolo com a nova Gallerie d&#8217;Italia, e o Palazzo della Civica Ragioneria del Comune di Milano.<\/p>\n<p>Os efeitos dessa fragmenta\u00e7\u00e3o e desarticula\u00e7\u00e3o urbana se agravam por se tratar tamb\u00e9m de um n\u00f3 fundamental do percurso de pedestres que conecta os diversos espa\u00e7os urbanos e os numerosos edif\u00edcios culturais e institucionais presentes na \u00e1rea central de Mil\u00e3o.<\/p>\n<p>Nossa proposta considera dois n\u00edveis de interven\u00e7\u00e3o:<\/p>\n<p><strong>Interven\u00e7\u00e3o Vi\u00e1ria<\/strong><\/p>\n<p>Acreditamos no fortalecimento da mobilidade urbana atrav\u00e9s do aumento da pedestrianiza\u00e7\u00e3o e da racionaliza\u00e7\u00e3o dos percursos de ve\u00edculos.<\/p>\n<p><strong>Interven\u00e7\u00e3o na Piazza della Scala<\/strong><\/p>\n<p>Acreditamos no vazio como protagonista dos espa\u00e7os urbanos.<\/p>\n<p>Dessa maneira, propomos o remanejamento da Est\u00e1tua de Leonardo da Vinci do centro da Piazza para o Largo Ghiringhelli. Essa nova configura\u00e7\u00e3o mant\u00e9m a presen\u00e7a e o destaque da escultura &#8220;ottocentesca&#8221; de Pietro Magni, rearticula e unifica os espa\u00e7os fragmentados da Piazza alla Scala, proporciona a continuidade das perspectivas visuais do interior da Galleria Vittorio Emanuelle II e soluciona a ocupa\u00e7\u00e3o do Largo Ghiringhelli, criando um lugar urbano por excel\u00eancia.<\/p>\n<p>&nbsp;<\/p>\n<h5><em>Concurso Internacional<\/em><br \/>\n<em>com Arpino Masella Architettura.<\/em><\/h5>\n","protected":false},"excerpt":{"rendered":"<p>Mil\u00e3o | It\u00e1lia<\/p>\n","protected":false},"author":1,"featured_media":3079,"comment_status":"open","ping_status":"open","sticky":false,"template":"","format":"standard","meta":{"_mi_skip_tracking":false,"_monsterinsights_sitenote_active":false,"_monsterinsights_sitenote_note":"","_monsterinsights_sitenote_category":0},"categories":[3,2,10,11],"tags":[],"_links":{"self":[{"href":"https:\/\/dalpian.arq.br\/index.php\/wp-json\/wp\/v2\/posts\/858"}],"collection":[{"href":"https:\/\/dalpian.arq.br\/index.php\/wp-json\/wp\/v2\/posts"}],"about":[{"href":"https:\/\/dalpian.arq.br\/index.php\/wp-json\/wp\/v2\/types\/post"}],"author":[{"embeddable":true,"href":"https:\/\/dalpian.arq.br\/index.php\/wp-json\/wp\/v2\/users\/1"}],"replies":[{"embeddable":true,"href":"https:\/\/dalpian.arq.br\/index.php\/wp-json\/wp\/v2\/comments?post=858"}],"version-history":[{"count":20,"href":"https:\/\/dalpian.arq.br\/index.php\/wp-json\/wp\/v2\/posts\/858\/revisions"}],"predecessor-version":[{"id":3026,"href":"https:\/\/dalpian.arq.br\/index.php\/wp-json\/wp\/v2\/posts\/858\/revisions\/3026"}],"wp:featuredmedia":[{"embeddable":true,"href":"https:\/\/dalpian.arq.br\/index.php\/wp-json\/wp\/v2\/media\/3079"}],"wp:attachment":[{"href":"https:\/\/dalpian.arq.br\/index.php\/wp-json\/wp\/v2\/media?parent=858"}],"wp:term":[{"taxonomy":"category","embeddable":true,"href":"https:\/\/dalpian.arq.br\/index.php\/wp-json\/wp\/v2\/categories?post=858"},{"taxonomy":"post_tag","embeddable":true,"href":"https:\/\/dalpian.arq.br\/index.php\/wp-json\/wp\/v2\/tags?post=858"}],"curies":[{"name":"wp","href":"https:\/\/api.w.org\/{rel}","templated":true}]}}