{"id":890,"date":"2015-06-24T03:40:39","date_gmt":"2015-06-24T03:40:39","guid":{"rendered":"http:\/\/162.243.6.39\/?p=890"},"modified":"2020-01-14T12:55:18","modified_gmt":"2020-01-14T12:55:18","slug":"unifesp","status":"publish","type":"post","link":"https:\/\/dalpian.arq.br\/index.php\/unifesp\/","title":{"rendered":"Moradia Estudantil UNIFESP Osasco"},"content":{"rendered":"<h2><strong>Moradia Estudantil UNIFESP Osasco<\/strong><\/h2>\n<p><strong>Osasco \/ SP<\/strong><\/p>\n<p><strong>2015<\/strong><\/p>\n<p><strong>\u00c1rea: 10.242,00 m\u00b2<\/strong><\/p>\n<p>&nbsp;<\/p>\n<p><strong>Uma pra\u00e7a, uma l\u00e2mina paralela e quatro l\u00e2minas transversais<\/strong><\/p>\n<p>Frontal \u00e0 Alameda-Parque, o terreno de formato quase retangular apresenta acentuado aclive na dire\u00e7\u00e3o diagonal da Rua General Newton Estilac. Essas condi\u00e7\u00f5es e caracter\u00edsticas nos conduziram a\u00a0um edif\u00edcio composto por uma l\u00e2mina paralela \u00e0s curvas de n\u00edvel ascendentes e quatro outras l\u00e2minas transversais que acomodam, escalonadas, seus pavimentos de acordo com a topografia natural do terreno. Com essa conforma\u00e7\u00e3o cria-se uma pra\u00e7a de conviv\u00eancia interna que recebe generosamente os fluxos urbanos em dois n\u00edveis, a partir da Alameda-Parque.<\/p>\n<p><strong>Pra\u00e7a de Conviv\u00eancia &#8211; Palco Urbano<\/strong><\/p>\n<p>Receptora dos fluxos externos, a pra\u00e7a de conviv\u00eancia agrega, articula e distribui os percursos do edif\u00edcio. Espa\u00e7o iluminado e parcialmente coberto, para ele se voltam os ambientes coletivos de uso geral das habita\u00e7\u00f5es. Uma escadaria, utilizada como arquibancada, conecta os t\u00e9rreos superior e inferior da pra\u00e7a de conviv\u00eancia, assim transformada tamb\u00e9m em um\u00a0palco vivo destinado \u00e0s atividades coletivas de aglomera\u00e7\u00e3o.<\/p>\n<p>Com sua configura\u00e7\u00e3o e conforma\u00e7\u00e3o, a pra\u00e7a de conviv\u00eancia procura transportar para o interior do edif\u00edcio as caracter\u00edsticas que s\u00e3o pr\u00f3prias da cidade: organicidade, continuidades espaciais, variedades volum\u00e9tricas e a riqueza das perspectivas visuais que seus cheios e vazios proporcionam.<\/p>\n<p>&nbsp;<\/p>\n<h5><em>Concurso Nacional.<\/em><\/h5>\n<p>&nbsp;<\/p>\n","protected":false},"excerpt":{"rendered":"<p>Osasco | SP<\/p>\n","protected":false},"author":1,"featured_media":2853,"comment_status":"open","ping_status":"open","sticky":false,"template":"","format":"standard","meta":{"_mi_skip_tracking":false,"_monsterinsights_sitenote_active":false,"_monsterinsights_sitenote_note":"","_monsterinsights_sitenote_category":0},"categories":[3,2,8],"tags":[],"_links":{"self":[{"href":"https:\/\/dalpian.arq.br\/index.php\/wp-json\/wp\/v2\/posts\/890"}],"collection":[{"href":"https:\/\/dalpian.arq.br\/index.php\/wp-json\/wp\/v2\/posts"}],"about":[{"href":"https:\/\/dalpian.arq.br\/index.php\/wp-json\/wp\/v2\/types\/post"}],"author":[{"embeddable":true,"href":"https:\/\/dalpian.arq.br\/index.php\/wp-json\/wp\/v2\/users\/1"}],"replies":[{"embeddable":true,"href":"https:\/\/dalpian.arq.br\/index.php\/wp-json\/wp\/v2\/comments?post=890"}],"version-history":[{"count":19,"href":"https:\/\/dalpian.arq.br\/index.php\/wp-json\/wp\/v2\/posts\/890\/revisions"}],"predecessor-version":[{"id":10351,"href":"https:\/\/dalpian.arq.br\/index.php\/wp-json\/wp\/v2\/posts\/890\/revisions\/10351"}],"wp:featuredmedia":[{"embeddable":true,"href":"https:\/\/dalpian.arq.br\/index.php\/wp-json\/wp\/v2\/media\/2853"}],"wp:attachment":[{"href":"https:\/\/dalpian.arq.br\/index.php\/wp-json\/wp\/v2\/media?parent=890"}],"wp:term":[{"taxonomy":"category","embeddable":true,"href":"https:\/\/dalpian.arq.br\/index.php\/wp-json\/wp\/v2\/categories?post=890"},{"taxonomy":"post_tag","embeddable":true,"href":"https:\/\/dalpian.arq.br\/index.php\/wp-json\/wp\/v2\/tags?post=890"}],"curies":[{"name":"wp","href":"https:\/\/api.w.org\/{rel}","templated":true}]}}