{"id":9027,"date":"2017-11-06T18:04:24","date_gmt":"2017-11-06T18:04:24","guid":{"rendered":"http:\/\/162.243.6.39\/?p=9027"},"modified":"2023-09-21T11:50:54","modified_gmt":"2023-09-21T14:50:54","slug":"milano-sesto","status":"publish","type":"post","link":"https:\/\/dalpian.arq.br\/index.php\/milano-sesto\/","title":{"rendered":"Milano Sesto San Giovanni"},"content":{"rendered":"<h2><strong>Milano Sesto San Giovanni<\/strong><\/h2>\n<p><strong><em>Mil\u00e3o\u00a0 \/ It\u00e1lia<\/em><\/strong><\/p>\n<p><strong>2017<\/strong><\/p>\n<p>&nbsp;<\/p>\n<p>Como forma de contribuir para a constru\u00e7\u00e3o coesa de um novo territ\u00f3rio, pensamos o edif\u00edcio a partir das seguintes premissas:<\/p>\n<p><strong>Rela\u00e7\u00e3o com os espa\u00e7os p\u00fablicos \u2013<\/strong> \u00a0um t\u00e9rreo transparente e perme\u00e1vel que recebe seletivamente os moradores e os usu\u00e1rios da cidade. Sua rela\u00e7\u00e3o direta, consequente e amig\u00e1vel com os espa\u00e7os p\u00fablicos, procura contribuir para a constru\u00e7\u00e3o de um solo urbano mais inclusivo e democr\u00e1tico.<\/p>\n<p><strong>Rela\u00e7\u00e3o com a paisagem\u00a0 \u2013<\/strong> \u00a0uma inser\u00e7\u00e3o na paisagem que n\u00e3o negue quaisquer de suas faces. O desenho de sua volumetria a partir das diversas perspectivas visuais que o entorno proporciona procura manter-se \u00edntegro e unit\u00e1rio, contribuindo para o equil\u00edbrio e a harmonia da cidade que se reconstr\u00f3i.<\/p>\n<p><strong>Rela\u00e7\u00e3o com seu tempo\u00a0 \u2013<\/strong> \u00a0uma leitura program\u00e1tica que reinterpreta &#8221; i cortile e le case di ringhiera della tradizione milanese &#8221; que se expressa por meio de uma arquitetura contempor\u00e2nea que denuncia e enfatiza o seu tempo.<\/p>\n<p>&nbsp;<\/p>\n<h5><em>Concurso Internacional<\/em><br \/>\n<em>com Arpino Masella Architettura.<\/em><\/h5>\n","protected":false},"excerpt":{"rendered":"<p>Mil\u00e3o | It\u00e1lia<\/p>\n","protected":false},"author":1,"featured_media":9031,"comment_status":"open","ping_status":"open","sticky":false,"template":"","format":"standard","meta":{"_mi_skip_tracking":false,"_monsterinsights_sitenote_active":false,"_monsterinsights_sitenote_note":"","_monsterinsights_sitenote_category":0},"categories":[3,2,8],"tags":[],"_links":{"self":[{"href":"https:\/\/dalpian.arq.br\/index.php\/wp-json\/wp\/v2\/posts\/9027"}],"collection":[{"href":"https:\/\/dalpian.arq.br\/index.php\/wp-json\/wp\/v2\/posts"}],"about":[{"href":"https:\/\/dalpian.arq.br\/index.php\/wp-json\/wp\/v2\/types\/post"}],"author":[{"embeddable":true,"href":"https:\/\/dalpian.arq.br\/index.php\/wp-json\/wp\/v2\/users\/1"}],"replies":[{"embeddable":true,"href":"https:\/\/dalpian.arq.br\/index.php\/wp-json\/wp\/v2\/comments?post=9027"}],"version-history":[{"count":11,"href":"https:\/\/dalpian.arq.br\/index.php\/wp-json\/wp\/v2\/posts\/9027\/revisions"}],"predecessor-version":[{"id":10322,"href":"https:\/\/dalpian.arq.br\/index.php\/wp-json\/wp\/v2\/posts\/9027\/revisions\/10322"}],"wp:featuredmedia":[{"embeddable":true,"href":"https:\/\/dalpian.arq.br\/index.php\/wp-json\/wp\/v2\/media\/9031"}],"wp:attachment":[{"href":"https:\/\/dalpian.arq.br\/index.php\/wp-json\/wp\/v2\/media?parent=9027"}],"wp:term":[{"taxonomy":"category","embeddable":true,"href":"https:\/\/dalpian.arq.br\/index.php\/wp-json\/wp\/v2\/categories?post=9027"},{"taxonomy":"post_tag","embeddable":true,"href":"https:\/\/dalpian.arq.br\/index.php\/wp-json\/wp\/v2\/tags?post=9027"}],"curies":[{"name":"wp","href":"https:\/\/api.w.org\/{rel}","templated":true}]}}