{"id":906,"date":"2015-06-24T03:30:06","date_gmt":"2015-06-24T03:30:06","guid":{"rendered":"http:\/\/162.243.6.39\/?p=906"},"modified":"2020-01-14T12:56:00","modified_gmt":"2020-01-14T12:56:00","slug":"unifesp-2","status":"publish","type":"post","link":"https:\/\/dalpian.arq.br\/index.php\/unifesp-2\/","title":{"rendered":"Moradia Estudantil UNIFESP S\u00e3o Jos\u00e9"},"content":{"rendered":"<h2><strong>Moradia Estudantil UNIFESP S\u00e3o Jos\u00e9<\/strong><\/h2>\n<p><strong>S\u00e3o Jos\u00e9 dos Campos \/ SP<\/strong><\/p>\n<p><strong>2015<\/strong><\/p>\n<p><strong>\u00c1rea: 7.920,00 m\u00b2<\/strong><\/p>\n<p>&nbsp;<\/p>\n<p>O terreno de formato longil\u00edneo, em declive e margeado por \u00e1reas de prote\u00e7\u00e3o ambiental se avizinha da \u00e1rea esportiva existente. Essas condi\u00e7\u00f5es, aliadas \u00e0s localiza\u00e7\u00f5es das vias e dos acessos projetados, nos conduziram \u00e0 implanta\u00e7\u00e3o de\u00a0um edif\u00edcio composto por duas l\u00e2minas paralelas que, conformando uma pra\u00e7a de conviv\u00eancia interna, se acomodam \u00e0 topografia do lugar.<\/p>\n<p>O acesso principal, a partir da via sudeste\/sudoeste, estabelece um eixo p\u00fablico de circula\u00e7\u00e3o que transpassa a pra\u00e7a de conviv\u00eancia, se conecta a via leste\/oeste e define percursos para \u201cjogging\u201d e lazer na \u00e1rea verde remanescente ao norte do terreno. O crit\u00e9rio dessa implanta\u00e7\u00e3o procura tamb\u00e9m demarcar um segundo eixo transversal de circula\u00e7\u00e3o que conecta o edif\u00edcio de habita\u00e7\u00e3o ao complexo esportivo existente.<\/p>\n<p><strong>Pra\u00e7a de conviv\u00eancia &#8211; Palco urbano<\/strong><\/p>\n<p>Receptora dos fluxos externos, a pra\u00e7a de conviv\u00eancia agrega, articula e distribui os percursos do edif\u00edcio. Espa\u00e7o iluminado e parcialmente coberto, para ele se voltam os ambientes coletivos de uso geral das habita\u00e7\u00f5es. Uma escadaria, utilizada como arquibancada, conecta os t\u00e9rreos superior e inferior da pra\u00e7a de conviv\u00eancia, assim transformada tamb\u00e9m em um\u00a0palco vivo destinado \u00e0s atividades coletivas de aglomera\u00e7\u00e3o.<\/p>\n<p><strong>Com sua configura\u00e7\u00e3o e conforma\u00e7\u00e3o, a pra\u00e7a de conviv\u00eancia procura transportar para o interior do edif\u00edcio as caracter\u00edsticas que s\u00e3o pr\u00f3prias da cidade:<\/strong><\/p>\n<p>organicidade, continuidades espaciais, variedades volum\u00e9tricas e a riqueza das perspectivas visuais que seus cheios e vazios proporcionam.<\/p>\n<p>&nbsp;<\/p>\n<h5><em>Concurso Nacional &#8211; 3\u00b0 Lugar.<\/em><\/h5>\n<p>&nbsp;<\/p>\n","protected":false},"excerpt":{"rendered":"<p>S\u00e3o Jos\u00e9 dos Campos | SP<\/p>\n","protected":false},"author":1,"featured_media":2797,"comment_status":"open","ping_status":"open","sticky":false,"template":"","format":"standard","meta":{"_mi_skip_tracking":false,"_monsterinsights_sitenote_active":false,"_monsterinsights_sitenote_note":"","_monsterinsights_sitenote_category":0},"categories":[3,2,8],"tags":[],"_links":{"self":[{"href":"https:\/\/dalpian.arq.br\/index.php\/wp-json\/wp\/v2\/posts\/906"}],"collection":[{"href":"https:\/\/dalpian.arq.br\/index.php\/wp-json\/wp\/v2\/posts"}],"about":[{"href":"https:\/\/dalpian.arq.br\/index.php\/wp-json\/wp\/v2\/types\/post"}],"author":[{"embeddable":true,"href":"https:\/\/dalpian.arq.br\/index.php\/wp-json\/wp\/v2\/users\/1"}],"replies":[{"embeddable":true,"href":"https:\/\/dalpian.arq.br\/index.php\/wp-json\/wp\/v2\/comments?post=906"}],"version-history":[{"count":15,"href":"https:\/\/dalpian.arq.br\/index.php\/wp-json\/wp\/v2\/posts\/906\/revisions"}],"predecessor-version":[{"id":10353,"href":"https:\/\/dalpian.arq.br\/index.php\/wp-json\/wp\/v2\/posts\/906\/revisions\/10353"}],"wp:featuredmedia":[{"embeddable":true,"href":"https:\/\/dalpian.arq.br\/index.php\/wp-json\/wp\/v2\/media\/2797"}],"wp:attachment":[{"href":"https:\/\/dalpian.arq.br\/index.php\/wp-json\/wp\/v2\/media?parent=906"}],"wp:term":[{"taxonomy":"category","embeddable":true,"href":"https:\/\/dalpian.arq.br\/index.php\/wp-json\/wp\/v2\/categories?post=906"},{"taxonomy":"post_tag","embeddable":true,"href":"https:\/\/dalpian.arq.br\/index.php\/wp-json\/wp\/v2\/tags?post=906"}],"curies":[{"name":"wp","href":"https:\/\/api.w.org\/{rel}","templated":true}]}}