{"id":920,"date":"2016-06-24T02:30:18","date_gmt":"2016-06-24T02:30:18","guid":{"rendered":"http:\/\/162.243.6.39\/?p=920"},"modified":"2020-01-14T12:51:53","modified_gmt":"2020-01-14T12:51:53","slug":"casa-da-sustentabilidade","status":"publish","type":"post","link":"https:\/\/dalpian.arq.br\/index.php\/casa-da-sustentabilidade\/","title":{"rendered":"Casa da Sustentabilidade"},"content":{"rendered":"<h2><strong>Casa da Sustentabilidade<\/strong><\/h2>\n<p><strong>Campinas \/ S\u00e3o Paulo<\/strong><\/p>\n<p><strong>2016<\/strong><\/p>\n<p><strong>\u00c1rea: 1.487,00 m\u00b2<\/strong><\/p>\n<p>&nbsp;<\/p>\n<p><strong>Um Pavilh\u00e3o de atividades integradas<\/strong><\/p>\n<p>Propomos a Casa da Sustentabilidade como um\u00a0Pavilh\u00e3o de Atividades Integradas, envolvido por fechamentos transparentes e protegido ambientalmente por grandes beirais de cobertura e brises em vidro serigrafado.<\/p>\n<p>Implantado longitudinalmente no sentido norte\/sul do terreno, o Pavilh\u00e3o n\u00e3o se apoia diretamente sobre o solo\u00a0\u2013\u00a0como um corpo levemente \u201cflutuando\u201d, parece pousar sobre o ch\u00e3o do parque.<\/p>\n<p>Perme\u00e1vel \u00e0s perspectivas visuais, tanto internas como externas, a Casa da Sustentabilidade \u00e9 pensada como um\u00a0edif\u00edcio amig\u00e1vel e extrovertido, que valoriza a paisagem e a integra\u00e7\u00e3o com o entorno.<\/p>\n<p>&nbsp;<\/p>\n<h5><em>Concurso Nacional &#8211; Men\u00e7\u00e3o Honrosa.\u00a0<\/em><\/h5>\n","protected":false},"excerpt":{"rendered":"<p>Campinas | SP<\/p>\n","protected":false},"author":1,"featured_media":2691,"comment_status":"open","ping_status":"open","sticky":false,"template":"","format":"standard","meta":{"_mi_skip_tracking":false,"_monsterinsights_sitenote_active":false,"_monsterinsights_sitenote_note":"","_monsterinsights_sitenote_category":0},"categories":[3,2,5],"tags":[],"_links":{"self":[{"href":"https:\/\/dalpian.arq.br\/index.php\/wp-json\/wp\/v2\/posts\/920"}],"collection":[{"href":"https:\/\/dalpian.arq.br\/index.php\/wp-json\/wp\/v2\/posts"}],"about":[{"href":"https:\/\/dalpian.arq.br\/index.php\/wp-json\/wp\/v2\/types\/post"}],"author":[{"embeddable":true,"href":"https:\/\/dalpian.arq.br\/index.php\/wp-json\/wp\/v2\/users\/1"}],"replies":[{"embeddable":true,"href":"https:\/\/dalpian.arq.br\/index.php\/wp-json\/wp\/v2\/comments?post=920"}],"version-history":[{"count":17,"href":"https:\/\/dalpian.arq.br\/index.php\/wp-json\/wp\/v2\/posts\/920\/revisions"}],"predecessor-version":[{"id":10343,"href":"https:\/\/dalpian.arq.br\/index.php\/wp-json\/wp\/v2\/posts\/920\/revisions\/10343"}],"wp:featuredmedia":[{"embeddable":true,"href":"https:\/\/dalpian.arq.br\/index.php\/wp-json\/wp\/v2\/media\/2691"}],"wp:attachment":[{"href":"https:\/\/dalpian.arq.br\/index.php\/wp-json\/wp\/v2\/media?parent=920"}],"wp:term":[{"taxonomy":"category","embeddable":true,"href":"https:\/\/dalpian.arq.br\/index.php\/wp-json\/wp\/v2\/categories?post=920"},{"taxonomy":"post_tag","embeddable":true,"href":"https:\/\/dalpian.arq.br\/index.php\/wp-json\/wp\/v2\/tags?post=920"}],"curies":[{"name":"wp","href":"https:\/\/api.w.org\/{rel}","templated":true}]}}