{"id":937,"date":"2016-06-24T02:00:07","date_gmt":"2016-06-24T02:00:07","guid":{"rendered":"http:\/\/162.243.6.39\/?p=937"},"modified":"2020-01-14T12:52:41","modified_gmt":"2020-01-14T12:52:41","slug":"centro-de-educacao-fundamental","status":"publish","type":"post","link":"https:\/\/dalpian.arq.br\/index.php\/centro-de-educacao-fundamental\/","title":{"rendered":"Centro de Educa\u00e7\u00e3o Fundamental Parque do Riacho"},"content":{"rendered":"<h2><strong>Centro de Educa\u00e7\u00e3o Fundamental Parque do Riacho<\/strong><\/h2>\n<p><strong>Bras\u00edlia \/ DF<\/strong><\/p>\n<p><strong>2016<\/strong><\/p>\n<p><strong>\u00c1rea: 4.300,00 m\u00b2<\/strong><\/p>\n<p>&nbsp;<\/p>\n<p><strong>Um edif\u00edcio extrovertido<\/strong><\/p>\n<p>Ao longo da divisa frontal do lote propomos um edif\u00edcio modulado de tr\u00eas pavimentos, composto por duas l\u00e2minas paralelas conectados nas suas extremidades por dois corpos destinados ao Audit\u00f3rio e \u00e0 Quadra Coberta. Essa distribui\u00e7\u00e3o conforma internamente um vazio generoso destinado a uma inclusiva Pra\u00e7a de Conviv\u00eancia.<\/p>\n<p>Espa\u00e7o verde, parcialmente coberto, iluminado e ventilado naturalmente, a Pra\u00e7a de Conviv\u00eancia integra visualmente os acontecimentos da escola.<\/p>\n<p>As circula\u00e7\u00f5es internas se organizam por rampas, passarelas e corredores voltados para a Pra\u00e7a de Conviv\u00eancia. No Primeiro Pavimento, sobre a cobertura do Audit\u00f3rio, cria-se uma segunda pra\u00e7a &#8211; Pra\u00e7a de Atividades &#8211; ajardinada, destinada ao encontro e a aulas informais.<\/p>\n<p>Como princ\u00edpio funcional, os espa\u00e7os s\u00e3o pensados para estender o ensino aos ambientes externos das salas de aula. Expondo o movimento dos usu\u00e1rios e a din\u00e2mica de ocupa\u00e7\u00e3o do edif\u00edcio, os ambientes integrados por circula\u00e7\u00f5es abertas e transparentes estimulam novas possibilidades did\u00e1ticas, al\u00e9m de favorecer o encontro, a intera\u00e7\u00e3o e a troca de experi\u00eancias entre os estudantes das diversas faixas et\u00e1rias.<\/p>\n<p>&nbsp;<\/p>\n<h5><em>Concurso Nacional &#8211; Men\u00e7\u00e3o Honrosa.<\/em><\/h5>\n","protected":false},"excerpt":{"rendered":"<p>Bras\u00edlia | DF<\/p>\n","protected":false},"author":1,"featured_media":2602,"comment_status":"open","ping_status":"open","sticky":false,"template":"","format":"standard","meta":{"_mi_skip_tracking":false,"_monsterinsights_sitenote_active":false,"_monsterinsights_sitenote_note":"","_monsterinsights_sitenote_category":0},"categories":[3,2,6],"tags":[],"_links":{"self":[{"href":"https:\/\/dalpian.arq.br\/index.php\/wp-json\/wp\/v2\/posts\/937"}],"collection":[{"href":"https:\/\/dalpian.arq.br\/index.php\/wp-json\/wp\/v2\/posts"}],"about":[{"href":"https:\/\/dalpian.arq.br\/index.php\/wp-json\/wp\/v2\/types\/post"}],"author":[{"embeddable":true,"href":"https:\/\/dalpian.arq.br\/index.php\/wp-json\/wp\/v2\/users\/1"}],"replies":[{"embeddable":true,"href":"https:\/\/dalpian.arq.br\/index.php\/wp-json\/wp\/v2\/comments?post=937"}],"version-history":[{"count":15,"href":"https:\/\/dalpian.arq.br\/index.php\/wp-json\/wp\/v2\/posts\/937\/revisions"}],"predecessor-version":[{"id":10345,"href":"https:\/\/dalpian.arq.br\/index.php\/wp-json\/wp\/v2\/posts\/937\/revisions\/10345"}],"wp:featuredmedia":[{"embeddable":true,"href":"https:\/\/dalpian.arq.br\/index.php\/wp-json\/wp\/v2\/media\/2602"}],"wp:attachment":[{"href":"https:\/\/dalpian.arq.br\/index.php\/wp-json\/wp\/v2\/media?parent=937"}],"wp:term":[{"taxonomy":"category","embeddable":true,"href":"https:\/\/dalpian.arq.br\/index.php\/wp-json\/wp\/v2\/categories?post=937"},{"taxonomy":"post_tag","embeddable":true,"href":"https:\/\/dalpian.arq.br\/index.php\/wp-json\/wp\/v2\/tags?post=937"}],"curies":[{"name":"wp","href":"https:\/\/api.w.org\/{rel}","templated":true}]}}