{"id":953,"date":"2016-06-24T03:31:51","date_gmt":"2016-06-24T03:31:51","guid":{"rendered":"http:\/\/162.243.6.39\/?p=953"},"modified":"2020-01-14T12:50:51","modified_gmt":"2020-01-14T12:50:51","slug":"centro-educacional-infantil","status":"publish","type":"post","link":"https:\/\/dalpian.arq.br\/index.php\/centro-educacional-infantil\/","title":{"rendered":"Centro de Educa\u00e7\u00e3o Infantil Parque do Riacho"},"content":{"rendered":"<h2><strong>Centro de Educa\u00e7\u00e3o Infantil Parque do Riacho<\/strong><\/h2>\n<p><strong>Brasilia \/ DF<\/strong><\/p>\n<p><strong>2016<\/strong><\/p>\n<p><strong>\u00c1rea: 2.590,00 m\u00b2<\/strong><\/p>\n<p>&nbsp;<\/p>\n<p>O Parque do Riacho se comp\u00f5e majoritariamente por edif\u00edcios de habita\u00e7\u00e3o.\u00a0 Quando conclu\u00eddos, ser\u00e3o 369 pr\u00e9dios de tipologias similares que abrigar\u00e3o 5.904 unidades habitacionais.<\/p>\n<p><strong>A paisagem urbana resultante dessa composi\u00e7\u00e3o ser\u00e1 uniforme e repetitiva<\/strong><\/p>\n<p>Nesse contexto, o Novo Centro de Educa\u00e7\u00e3o Infantil se diferencia n\u00e3o somente pela diversidade de seu programa, mas tamb\u00e9m, pela natureza de suas fun\u00e7\u00f5es como edif\u00edcio institucional de uso p\u00fablico e comunit\u00e1rio.<\/p>\n<p>Propomos um edif\u00edcio modulado de dois pavimentos, composto por duas alas sim\u00e9tricas longitudinais, unificadas por espa\u00e7os conectores de encontro, viv\u00eancia e interatividade.<\/p>\n<p>As alas que conformam o Espa\u00e7o de Recebimento abrigam, no T\u00e9rreo, os ambientes de Servi\u00e7o, Apoio e o Refeit\u00f3rio; no Pavimento Superior, toda \u00e1rea Administrativa.<\/p>\n<p>Concluindo a composi\u00e7\u00e3o volum\u00e9trica do edif\u00edcio, uma cobertura met\u00e1lica solta sobre as duas alas e o corpo central, aliada a um sistema de brises em chapas perfuradas nas fachadas, proporciona grande qualidade ambiental aos espa\u00e7os internos.<\/p>\n<p>&nbsp;<\/p>\n<h5><em>Concurso Nacional.<\/em><\/h5>\n","protected":false},"excerpt":{"rendered":"<p>Bras\u00edlia | DF<\/p>\n","protected":false},"author":1,"featured_media":2572,"comment_status":"open","ping_status":"open","sticky":false,"template":"","format":"standard","meta":{"_mi_skip_tracking":false,"_monsterinsights_sitenote_active":false,"_monsterinsights_sitenote_note":"","_monsterinsights_sitenote_category":0},"categories":[3,2,6],"tags":[],"_links":{"self":[{"href":"https:\/\/dalpian.arq.br\/index.php\/wp-json\/wp\/v2\/posts\/953"}],"collection":[{"href":"https:\/\/dalpian.arq.br\/index.php\/wp-json\/wp\/v2\/posts"}],"about":[{"href":"https:\/\/dalpian.arq.br\/index.php\/wp-json\/wp\/v2\/types\/post"}],"author":[{"embeddable":true,"href":"https:\/\/dalpian.arq.br\/index.php\/wp-json\/wp\/v2\/users\/1"}],"replies":[{"embeddable":true,"href":"https:\/\/dalpian.arq.br\/index.php\/wp-json\/wp\/v2\/comments?post=953"}],"version-history":[{"count":14,"href":"https:\/\/dalpian.arq.br\/index.php\/wp-json\/wp\/v2\/posts\/953\/revisions"}],"predecessor-version":[{"id":10341,"href":"https:\/\/dalpian.arq.br\/index.php\/wp-json\/wp\/v2\/posts\/953\/revisions\/10341"}],"wp:featuredmedia":[{"embeddable":true,"href":"https:\/\/dalpian.arq.br\/index.php\/wp-json\/wp\/v2\/media\/2572"}],"wp:attachment":[{"href":"https:\/\/dalpian.arq.br\/index.php\/wp-json\/wp\/v2\/media?parent=953"}],"wp:term":[{"taxonomy":"category","embeddable":true,"href":"https:\/\/dalpian.arq.br\/index.php\/wp-json\/wp\/v2\/categories?post=953"},{"taxonomy":"post_tag","embeddable":true,"href":"https:\/\/dalpian.arq.br\/index.php\/wp-json\/wp\/v2\/tags?post=953"}],"curies":[{"name":"wp","href":"https:\/\/api.w.org\/{rel}","templated":true}]}}