{"id":9539,"date":"2019-11-08T18:09:17","date_gmt":"2019-11-08T18:09:17","guid":{"rendered":"http:\/\/162.243.6.39\/?p=9539"},"modified":"2023-12-15T10:39:49","modified_gmt":"2023-12-15T13:39:49","slug":"happy-hour-asbea-sp-em-campinas","status":"publish","type":"post","link":"https:\/\/dalpian.arq.br\/index.php\/happy-hour-asbea-sp-em-campinas\/","title":{"rendered":"Happy Hour AsBEA-SP em Campinas"},"content":{"rendered":"<p>&nbsp;<\/p>\n<p><img loading=\"lazy\" class=\"aligncenter  wp-image-12024\" src=\"https:\/\/dalpian.arq.br\/wp-content\/uploads\/2019\/11\/DP-ASBEA-CAMP-2_TRATADA2-300x225.jpg\" alt=\"\" width=\"1279\" height=\"959\" srcset=\"https:\/\/dalpian.arq.br\/wp-content\/uploads\/2019\/11\/DP-ASBEA-CAMP-2_TRATADA2-300x225.jpg 300w, https:\/\/dalpian.arq.br\/wp-content\/uploads\/2019\/11\/DP-ASBEA-CAMP-2_TRATADA2-1024x768.jpg 1024w, https:\/\/dalpian.arq.br\/wp-content\/uploads\/2019\/11\/DP-ASBEA-CAMP-2_TRATADA2-768x576.jpg 768w, https:\/\/dalpian.arq.br\/wp-content\/uploads\/2019\/11\/DP-ASBEA-CAMP-2_TRATADA2-1536x1152.jpg 1536w, https:\/\/dalpian.arq.br\/wp-content\/uploads\/2019\/11\/DP-ASBEA-CAMP-2_TRATADA2-2048x1536.jpg 2048w\" sizes=\"(max-width: 1279px) 100vw, 1279px\" \/><\/p>\n<h6>[08\/11\/2019]<\/h6>\n<p>&nbsp;<\/p>\n<p style=\"text-align: left;\">No in\u00edcio de novembro, Renato Dal Pian, s\u00f3cio-titular do escrit\u00f3rio, esteve em Campinas a convite da <em><strong>AsBEA-SP\u00a0<\/strong><\/em>e da <em><strong>Portobello<\/strong><\/em>, em um happy hour para contar sobre sua experi\u00eancia e envolvimento com a <strong><em>AsBEA-SP<\/em><\/strong> e tamb\u00e9m falar de seus principais projetos.<\/p>\n<p style=\"text-align: left;\">Estiveram presentes 33 arquitetos que participaram do bate-papo com o arquiteto, vencedor do <em><strong>Pr\u00eamio AsBEA 2018. <\/strong><\/em><\/p>\n<p style=\"text-align: left;\">O evento aconteceu em um espa\u00e7o cedido pela <strong><em>Portobello Shop.<\/em><\/strong><\/p>\n<p style=\"text-align: left;\">\n","protected":false},"excerpt":{"rendered":"<p>&nbsp; [08\/11\/2019] &nbsp; No in\u00edcio de novembro, Renato Dal Pian, s\u00f3cio-titular do escrit\u00f3rio, esteve em Campinas a convite da AsBEA-SP\u00a0e da Portobello, em um happy hour para contar sobre sua experi\u00eancia e envolvimento com a AsBEA-SP e tamb\u00e9m falar de seus principais projetos. Estiveram presentes 33 arquitetos que participaram do bate-papo com o arquiteto, vencedor [&hellip;]<\/p>\n","protected":false},"author":1,"featured_media":9568,"comment_status":"open","ping_status":"open","sticky":false,"template":"","format":"standard","meta":{"_mi_skip_tracking":false,"_monsterinsights_sitenote_active":false,"_monsterinsights_sitenote_note":"","_monsterinsights_sitenote_category":0},"categories":[15,18],"tags":[],"_links":{"self":[{"href":"https:\/\/dalpian.arq.br\/index.php\/wp-json\/wp\/v2\/posts\/9539"}],"collection":[{"href":"https:\/\/dalpian.arq.br\/index.php\/wp-json\/wp\/v2\/posts"}],"about":[{"href":"https:\/\/dalpian.arq.br\/index.php\/wp-json\/wp\/v2\/types\/post"}],"author":[{"embeddable":true,"href":"https:\/\/dalpian.arq.br\/index.php\/wp-json\/wp\/v2\/users\/1"}],"replies":[{"embeddable":true,"href":"https:\/\/dalpian.arq.br\/index.php\/wp-json\/wp\/v2\/comments?post=9539"}],"version-history":[{"count":8,"href":"https:\/\/dalpian.arq.br\/index.php\/wp-json\/wp\/v2\/posts\/9539\/revisions"}],"predecessor-version":[{"id":12025,"href":"https:\/\/dalpian.arq.br\/index.php\/wp-json\/wp\/v2\/posts\/9539\/revisions\/12025"}],"wp:featuredmedia":[{"embeddable":true,"href":"https:\/\/dalpian.arq.br\/index.php\/wp-json\/wp\/v2\/media\/9568"}],"wp:attachment":[{"href":"https:\/\/dalpian.arq.br\/index.php\/wp-json\/wp\/v2\/media?parent=9539"}],"wp:term":[{"taxonomy":"category","embeddable":true,"href":"https:\/\/dalpian.arq.br\/index.php\/wp-json\/wp\/v2\/categories?post=9539"},{"taxonomy":"post_tag","embeddable":true,"href":"https:\/\/dalpian.arq.br\/index.php\/wp-json\/wp\/v2\/tags?post=9539"}],"curies":[{"name":"wp","href":"https:\/\/api.w.org\/{rel}","templated":true}]}}