{"id":9600,"date":"2015-03-15T20:10:04","date_gmt":"2015-03-15T20:10:04","guid":{"rendered":"http:\/\/162.243.6.39\/?p=9600"},"modified":"2023-12-15T11:54:24","modified_gmt":"2023-12-15T14:54:24","slug":"dal-pian-e-premiado-no-concurso-para-o-campus-da-unifesp-em-sao-jose-dos-campos","status":"publish","type":"post","link":"https:\/\/dalpian.arq.br\/index.php\/dal-pian-e-premiado-no-concurso-para-o-campus-da-unifesp-em-sao-jose-dos-campos\/","title":{"rendered":"Premiados no Concurso para o Campus da Unifesp &#8211; S\u00e3o Jos\u00e9 dos Campos"},"content":{"rendered":"<h6><\/h6>\n<h6><img loading=\"lazy\" class=\"aligncenter wp-image-9601 size-full\" src=\"https:\/\/dalpian.arq.br\/wp-content\/uploads\/2019\/12\/03.jpg\" alt=\"\" width=\"4319\" height=\"2268\" \/><\/h6>\n<h6>[15\/03\/2015]<\/h6>\n<p>&nbsp;<\/p>\n<p>O projeto para a\u00a0<em><strong>Nova Moradia Estudantil da UNIFESP<\/strong><\/em>,\u00a0em S\u00e3o Jos\u00e9 dos Campos, conquistou o Terceiro Lugar na premia\u00e7\u00e3o.<\/p>\n<p>&nbsp;<\/p>\n<p>Para ver o projeto completo, clique <a href=\"http:\/\/www.iabsp.org.br\/pranchas_sjc_projeto-03.pdf\"><em>aqui.<\/em><\/a><\/p>\n<h2 class=\"article_title\"><\/h2>\n","protected":false},"excerpt":{"rendered":"<p>[15\/03\/2015] &nbsp; O projeto para a\u00a0Nova Moradia Estudantil da UNIFESP,\u00a0em S\u00e3o Jos\u00e9 dos Campos, conquistou o Terceiro Lugar na premia\u00e7\u00e3o. &nbsp; Para ver o projeto completo, clique aqui.<\/p>\n","protected":false},"author":1,"featured_media":9623,"comment_status":"open","ping_status":"open","sticky":false,"template":"","format":"standard","meta":{"_mi_skip_tracking":false,"_monsterinsights_sitenote_active":false,"_monsterinsights_sitenote_note":"","_monsterinsights_sitenote_category":0},"categories":[15,18],"tags":[],"_links":{"self":[{"href":"https:\/\/dalpian.arq.br\/index.php\/wp-json\/wp\/v2\/posts\/9600"}],"collection":[{"href":"https:\/\/dalpian.arq.br\/index.php\/wp-json\/wp\/v2\/posts"}],"about":[{"href":"https:\/\/dalpian.arq.br\/index.php\/wp-json\/wp\/v2\/types\/post"}],"author":[{"embeddable":true,"href":"https:\/\/dalpian.arq.br\/index.php\/wp-json\/wp\/v2\/users\/1"}],"replies":[{"embeddable":true,"href":"https:\/\/dalpian.arq.br\/index.php\/wp-json\/wp\/v2\/comments?post=9600"}],"version-history":[{"count":9,"href":"https:\/\/dalpian.arq.br\/index.php\/wp-json\/wp\/v2\/posts\/9600\/revisions"}],"predecessor-version":[{"id":12082,"href":"https:\/\/dalpian.arq.br\/index.php\/wp-json\/wp\/v2\/posts\/9600\/revisions\/12082"}],"wp:featuredmedia":[{"embeddable":true,"href":"https:\/\/dalpian.arq.br\/index.php\/wp-json\/wp\/v2\/media\/9623"}],"wp:attachment":[{"href":"https:\/\/dalpian.arq.br\/index.php\/wp-json\/wp\/v2\/media?parent=9600"}],"wp:term":[{"taxonomy":"category","embeddable":true,"href":"https:\/\/dalpian.arq.br\/index.php\/wp-json\/wp\/v2\/categories?post=9600"},{"taxonomy":"post_tag","embeddable":true,"href":"https:\/\/dalpian.arq.br\/index.php\/wp-json\/wp\/v2\/tags?post=9600"}],"curies":[{"name":"wp","href":"https:\/\/api.w.org\/{rel}","templated":true}]}}