{"id":9736,"date":"2019-05-22T14:44:47","date_gmt":"2019-05-22T14:44:47","guid":{"rendered":"http:\/\/162.243.6.39\/?p=9736"},"modified":"2019-12-18T15:13:30","modified_gmt":"2019-12-18T15:13:30","slug":"palestra-com-os-alunos-da-fauusp-na-sede-nasp","status":"publish","type":"post","link":"https:\/\/dalpian.arq.br\/index.php\/palestra-com-os-alunos-da-fauusp-na-sede-nasp\/","title":{"rendered":"Encontro com os alunos da FAUUSP no edif\u00edcio NASP"},"content":{"rendered":"<p>&nbsp;<\/p>\n\n\t\t<style type=\"text\/css\">\n\t\t\t#gallery-1 {\n\t\t\t\tmargin: auto;\n\t\t\t}\n\t\t\t#gallery-1 .gallery-item {\n\t\t\t\tfloat: left;\n\t\t\t\tmargin-top: 10px;\n\t\t\t\ttext-align: center;\n\t\t\t\twidth: 50%;\n\t\t\t}\n\t\t\t#gallery-1 img {\n\t\t\t\tborder: 2px solid #cfcfcf;\n\t\t\t}\n\t\t\t#gallery-1 .gallery-caption {\n\t\t\t\tmargin-left: 0;\n\t\t\t}\n\t\t\t\/* see gallery_shortcode() in wp-includes\/media.php *\/\n\t\t<\/style>\n\t\t<div id='gallery-1' class='gallery galleryid-9736 gallery-columns-2 gallery-size-full'><dl class='gallery-item'>\n\t\t\t<dt class='gallery-icon landscape'>\n\t\t\t\t<a href='https:\/\/dalpian.arq.br\/index.php\/palestra-com-os-alunos-da-fauusp-na-sede-nasp\/lilian-5\/'><img width=\"800\" height=\"600\" src=\"https:\/\/dalpian.arq.br\/wp-content\/uploads\/2019\/12\/Lilian-1.jpg\" class=\"attachment-full size-full\" alt=\"\" loading=\"lazy\" \/><\/a>\n\t\t\t<\/dt><\/dl><dl class='gallery-item'>\n\t\t\t<dt class='gallery-icon landscape'>\n\t\t\t\t<a href='https:\/\/dalpian.arq.br\/index.php\/palestra-com-os-alunos-da-fauusp-na-sede-nasp\/renato-4\/'><img width=\"800\" height=\"600\" src=\"https:\/\/dalpian.arq.br\/wp-content\/uploads\/2019\/12\/Renato-1.jpg\" class=\"attachment-full size-full\" alt=\"\" loading=\"lazy\" \/><\/a>\n\t\t\t<\/dt><\/dl><br style=\"clear: both\" \/>\n\t\t<\/div>\n\n<h6>[22\/05\/2019]<\/h6>\n<p>&nbsp;<\/p>\n<p style=\"text-align: left;\">No dia 22 de maio, realizamos uma palestra com os alunos de P\u00f3s-Gradua\u00e7\u00e3o da<em><strong> FAUUSP\u00a0<\/strong><\/em>no <em><strong>edif\u00edcio NASP<\/strong><\/em>, contando um pouco sobre o desenvolvimento deste projeto, inaugurado em 2017.<\/p>\n<p style=\"text-align: left;\">\n","protected":false},"excerpt":{"rendered":"<p>&nbsp; [22\/05\/2019] &nbsp; No dia 22 de maio, realizamos uma palestra com os alunos de P\u00f3s-Gradua\u00e7\u00e3o da FAUUSP\u00a0no edif\u00edcio NASP, contando um pouco sobre o desenvolvimento deste projeto, inaugurado em 2017.<\/p>\n","protected":false},"author":1,"featured_media":9739,"comment_status":"open","ping_status":"open","sticky":false,"template":"","format":"standard","meta":{"_mi_skip_tracking":false,"_monsterinsights_sitenote_active":false,"_monsterinsights_sitenote_note":"","_monsterinsights_sitenote_category":0},"categories":[15,18],"tags":[],"_links":{"self":[{"href":"https:\/\/dalpian.arq.br\/index.php\/wp-json\/wp\/v2\/posts\/9736"}],"collection":[{"href":"https:\/\/dalpian.arq.br\/index.php\/wp-json\/wp\/v2\/posts"}],"about":[{"href":"https:\/\/dalpian.arq.br\/index.php\/wp-json\/wp\/v2\/types\/post"}],"author":[{"embeddable":true,"href":"https:\/\/dalpian.arq.br\/index.php\/wp-json\/wp\/v2\/users\/1"}],"replies":[{"embeddable":true,"href":"https:\/\/dalpian.arq.br\/index.php\/wp-json\/wp\/v2\/comments?post=9736"}],"version-history":[{"count":10,"href":"https:\/\/dalpian.arq.br\/index.php\/wp-json\/wp\/v2\/posts\/9736\/revisions"}],"predecessor-version":[{"id":9785,"href":"https:\/\/dalpian.arq.br\/index.php\/wp-json\/wp\/v2\/posts\/9736\/revisions\/9785"}],"wp:featuredmedia":[{"embeddable":true,"href":"https:\/\/dalpian.arq.br\/index.php\/wp-json\/wp\/v2\/media\/9739"}],"wp:attachment":[{"href":"https:\/\/dalpian.arq.br\/index.php\/wp-json\/wp\/v2\/media?parent=9736"}],"wp:term":[{"taxonomy":"category","embeddable":true,"href":"https:\/\/dalpian.arq.br\/index.php\/wp-json\/wp\/v2\/categories?post=9736"},{"taxonomy":"post_tag","embeddable":true,"href":"https:\/\/dalpian.arq.br\/index.php\/wp-json\/wp\/v2\/tags?post=9736"}],"curies":[{"name":"wp","href":"https:\/\/api.w.org\/{rel}","templated":true}]}}